{"id":1346,"date":"2020-09-20T00:00:00","date_gmt":"2020-09-19T22:00:00","guid":{"rendered":"https:\/\/www.wackler-group.de\/karriere\/wissen-hub\/gemeinsam-80-jahre-bei-wackler-wo-gibt-es-das-heutzutage-noch\/"},"modified":"2026-08-20T09:00:19","modified_gmt":"2026-08-20T09:00:19","slug":"gemeinsam-80-jahre-bei-wackler-wo-gibt-es-das-heutzutage-noch","status":"publish","type":"news","link":"https:\/\/www.wackler-group.de\/karriere\/wissen-hub\/gemeinsam-80-jahre-bei-wackler-wo-gibt-es-das-heutzutage-noch\/","title":{"rendered":"Gemeinsam 80 Jahre bei Wackler &#8211; wo gibt es das heutzutage noch?"},"content":{"rendered":"\n<figure class=\"wp-block-image size-full\"><img loading=\"lazy\" decoding=\"async\" width=\"700\" height=\"341\" src=\"https:\/\/www.wackler-group.de\/wp-content\/uploads\/2026\/08\/csm_Jubilar_Fr-Sampel_WSGS_ca9d870bcc.jpg\" alt=\"\" class=\"wp-image-2153\" srcset=\"https:\/\/www.wackler-group.de\/wp-content\/uploads\/2026\/08\/csm_Jubilar_Fr-Sampel_WSGS_ca9d870bcc.jpg 700w, https:\/\/www.wackler-group.de\/wp-content\/uploads\/2026\/08\/csm_Jubilar_Fr-Sampel_WSGS_ca9d870bcc-300x146.jpg 300w, https:\/\/www.wackler-group.de\/wp-content\/uploads\/2026\/08\/csm_Jubilar_Fr-Sampel_WSGS_ca9d870bcc-664x323.jpg 664w\" sizes=\"(max-width: 700px) 100vw, 700px\" \/><\/figure>\n\n\n\n<figcaption>\n\t\t\tUnsere Jubilarin Jutta Sampel mit Gesch\u00e4ftsf\u00fchrer Norman R\u00fchl, Vorstand\/CEO Peter Blenke mit ihrer Ehrenurkunde und Regionalleiter M\u00fcnchen Jens S\u00fchnhold (v.l.)<br>\n\t\t<\/figcaption>\n\n\n\n<figure class=\"wp-block-image size-full\"><img loading=\"lazy\" decoding=\"async\" width=\"700\" height=\"525\" src=\"https:\/\/www.wackler-group.de\/wp-content\/uploads\/2026\/08\/csm_Jubilar_Hr-Lechner_WSGS_df2a4be123.jpg\" alt=\"\" class=\"wp-image-2154\" srcset=\"https:\/\/www.wackler-group.de\/wp-content\/uploads\/2026\/08\/csm_Jubilar_Hr-Lechner_WSGS_df2a4be123.jpg 700w, https:\/\/www.wackler-group.de\/wp-content\/uploads\/2026\/08\/csm_Jubilar_Hr-Lechner_WSGS_df2a4be123-300x225.jpg 300w, https:\/\/www.wackler-group.de\/wp-content\/uploads\/2026\/08\/csm_Jubilar_Hr-Lechner_WSGS_df2a4be123-664x498.jpg 664w\" sizes=\"(max-width: 700px) 100vw, 700px\" \/><\/figure>\n\n\n\n<figcaption>\n\t\t\tMittig unser Jubilar Max Lechner mit Regionalleiter M\u00fcnchen Jens S\u00fchnhold, Glasabteilungsleiter Miroslav Jankovic, Vorstand\/CEO Peter Blenke und Gesch\u00e4ftsf\u00fchrer Norman R\u00fchl (v.li.)<br>\n\t\t<\/figcaption>\n\n\n\n<p class=\"wp-block-paragraph\">Jutta Sampel und Max Lechner \u2013 zwei Jubilare, die f\u00fcr ihren gro\u00dfen Einsatz und ihre langj\u00e4hrige Treue zum Unternehmen geehrt wurden. Im September 1980 starteten beide gleichzeitig ihre Ausbildung bei Wackler bzw. damals noch bei den M\u00fcnchner Heinzelm\u00e4nnchen: sie als B\u00fcrokauffrau, er als Glas- und Geb\u00e4udereinigergeselle.<\/p>\n\n\n\n<p class=\"wp-block-paragraph\">\u201eFr\u00e4ulein Sampel\u201c, wie es damals noch hie\u00df, durchlief alle Stationen in ihrer Ausbildung. Beginnend mit Arbeiten im Lager, wo sie unter anderem Holzbesen mit dem Logo der DMH Geb\u00e4udemanagement (heute <a href=\"\/facility-management\/\">Wackler Facility Management<\/a>) versehen musste. Als flei\u00dfige Auszubildende brachte man ihr alle Vorg\u00e4nge im Lohnb\u00fcro bei und sogar die Chefsekret\u00e4rin gew\u00e4hrte ihr viele interessante Einblicke in das Unternehmen. Nach erfolgreichem Abschluss ihrer Lehre blieb sie weiterhin dem Unternehmen treu und startete zun\u00e4chst in der Auftragsverwaltung. Nur drei Jahre dauerte der anschlie\u00dfende kurze Ausflug in den Vertrieb, ehe sie wieder zur\u00fcck in die Auftragsverwaltung wechselte. Seit 2018 ist sie nun Teamassistenz der Niederlassung M\u00fcnchen. Hilfsbereit wie sie schon immer war, \u00fcbernahm sie zwischenzeitlich auch gerne interimsweise die Vertretung der Teamassistenz in Frankfurt und ging damit viele Extrameilen. Frau Sampel wird von allen sehr geachtet, sie ist durchsetzungsstark und extrem gewissenhaft \u2013 eben die gute alte Schule.<\/p>\n\n\n\n<p class=\"wp-block-paragraph\">Herr Lechner hingegen schnupperte nicht immer wieder in verschiedene Abteilungen \u2013 er blieb dem Handwerksberuf als Glas- und <a href=\"\/gebaeudereinigung\/\">Geb\u00e4udereiniger <\/a>bei Wackler seit jeher treu. Ob die Sonne scheint, es kalt ist oder regnet \u2013 ehrgeizig wie er ist, trotzt er stets Wind und Wetter und das immer mit guter Laune und einem L\u00e4cheln im Gesicht. Fr\u00fches Aufstehen \u2013 kein Problem f\u00fcr ihn. Arbeiten in schwindelerregender H\u00f6he \u2013 keine Leiter und kein Geb\u00e4ude ist ihm zu hoch. F\u00fcr sein handwerkliches Geschick, seine Sorgfalt und Umsicht wird er sowohl bei seinen Kolleginnen und Kollegen, als auch bei Kunden sehr gesch\u00e4tzt. Auch wenn die k\u00f6rperliche Arbeit in diesem Beruf mit zunehmendem Alter immer anstrengender wird, so ist Herr Lechner auch nach jahrelanger Arbeit immer noch topfit und so schnell macht ihm keiner was vor. Wir sagen: Hut ab vor dieser tollen Leistung!<\/p>\n\n\n\n<p class=\"wp-block-paragraph\">Herzlichen Gl\u00fcckwunsch an die beiden zu ihrem 40. Dienstjubil\u00e4um.&nbsp;F\u00fcr die Zukunft w\u00fcnschen wir weiterhin viel Gl\u00fcck, Erfolg und Gesundheit und nat\u00fcrlich freuen sich alle \u00fcber viele weitere Jahre mit ihnen!<\/p>\n\n\n\n<p class=\"wp-block-paragraph\"><\/p>\n\n\n\n<p class=\"wp-block-paragraph\">Wollen auch Sie Teil der Wackler-Group werden? Dann schauen Sie doch auf unsere <a href=\"\/jobs\/\">Karriereseite<\/a>.<\/p>\n","protected":false},"excerpt":{"rendered":"<p>Unsere Jubilarin Jutta Sampel mit Gesch\u00e4ftsf\u00fchrer Norman R\u00fchl, Vorstand\/CEO Peter Blenke mit ihrer Ehrenurkunde und Regionalleiter M\u00fcnchen Jens S\u00fchnhold (v.l.) Mittig unser Jubilar Max Lechner mit Regionalleiter M\u00fcnchen Jens S\u00fchnhold, Glasabteilungsleiter Miroslav Jankovic, Vorstand\/CEO Peter Blenke und Gesch\u00e4ftsf\u00fchrer Norman R\u00fchl (v.li.) Jutta Sampel und Max Lechner \u2013 zwei Jubilare, die f\u00fcr ihren gro\u00dfen Einsatz und [&hellip;]<\/p>\n","protected":false},"featured_media":1530,"template":"","meta":{"_acf_changed":false},"news-category":[10],"class_list":["post-1346","news","type-news","status-publish","has-post-thumbnail","hentry","news-category-news"],"acf":[],"ase":null,"_links":{"self":[{"href":"https:\/\/www.wackler-group.de\/karriere\/wp-json\/wp\/v2\/news\/1346","targetHints":{"allow":["GET"]}}],"collection":[{"href":"https:\/\/www.wackler-group.de\/karriere\/wp-json\/wp\/v2\/news"}],"about":[{"href":"https:\/\/www.wackler-group.de\/karriere\/wp-json\/wp\/v2\/types\/news"}],"wp:featuredmedia":[{"embeddable":true,"href":"https:\/\/www.wackler-group.de\/karriere\/wp-json\/wp\/v2\/media\/1530"}],"wp:attachment":[{"href":"https:\/\/www.wackler-group.de\/karriere\/wp-json\/wp\/v2\/media?parent=1346"}],"wp:term":[{"taxonomy":"news-category","embeddable":true,"href":"https:\/\/www.wackler-group.de\/karriere\/wp-json\/wp\/v2\/news-category?post=1346"}],"curies":[{"name":"wp","href":"https:\/\/api.w.org\/{rel}","templated":true}]}}