{"id":1345,"date":"2020-09-22T00:00:00","date_gmt":"2020-09-21T22:00:00","guid":{"rendered":"https:\/\/www.wackler-group.de\/karriere\/wissen-hub\/20-jahre-in-der-gebaeudereinigung-bei-wackler-und-das-mit-leib-und-seele\/"},"modified":"2026-08-20T09:00:19","modified_gmt":"2026-08-20T09:00:19","slug":"20-jahre-in-der-gebaeudereinigung-bei-wackler-und-das-mit-leib-und-seele","status":"publish","type":"news","link":"https:\/\/www.wackler-group.de\/karriere\/wissen-hub\/20-jahre-in-der-gebaeudereinigung-bei-wackler-und-das-mit-leib-und-seele\/","title":{"rendered":"20 Jahre in der Geb\u00e4udereinigung bei Wackler &#8211; und das mit Leib und Seele"},"content":{"rendered":"\n<h2 class=\"wp-block-heading\">\n                    20 Jahre in der Geb\u00e4udereinigung bei Wackler &#8211; und das mit Leib und Seele<br>\n                <\/h2>\n\n\n\n<figure class=\"wp-block-image size-full\"><img loading=\"lazy\" decoding=\"async\" width=\"320\" height=\"227\" src=\"https:\/\/www.wackler-group.de\/wp-content\/uploads\/2026\/08\/csm_Binaku-Jubilaeum20_8341a032c4.png\" alt=\"\" class=\"wp-image-2146\" srcset=\"https:\/\/www.wackler-group.de\/wp-content\/uploads\/2026\/08\/csm_Binaku-Jubilaeum20_8341a032c4.png 320w, https:\/\/www.wackler-group.de\/wp-content\/uploads\/2026\/08\/csm_Binaku-Jubilaeum20_8341a032c4-300x213.png 300w\" sizes=\"(max-width: 320px) 100vw, 320px\" \/><\/figure>\n\n\n\n<figcaption>\n\t\t\tEhre, wem Ehre geb\u00fchrt! Birgit Ullrich, Vorsitzende der Gesch\u00e4ftsf\u00fchrung sowie Gesch\u00e4ftsf\u00fchrer Norman R\u00fchl (rechts im Bild) gratulieren Herrn Binaku zu 20 Jahre Wackler.<br>\n\t\t<\/figcaption>\n\n\n\n<p class=\"wp-block-paragraph\">Immer zur Stelle und stets einen flotten Spruch auf den Lippen \u2013 so kennen und sch\u00e4tzen wir unseren Kollegen Ruzhdi Binaku und gratulieren ihm recht herzlich zu seinem 20 j\u00e4hrigen Dienstjubil\u00e4um in der <a href=\"\/gebaeudereinigung\/\">Geb\u00e4udereinigung<\/a>. Als er in den 1990er Jahren in Anbahnung der sp\u00e4teren kriegerischen Auseinandersetzungen aus dem Kosovo kam, fand er eine zweite Heimat in Deutschland und eine Aufgabe bei Wackler als Springer in der Unterhaltsreinigung.<\/p>\n\n\n\n<p class=\"wp-block-paragraph\">Mit gro\u00dfem Engagement und viel Initiative entwickelte er sich weiter zum Vorarbeiter, dann zum Teamleiter, sp\u00e4ter zum Service Manager und seit Juni&nbsp;dieses Jahres stellt Herr Binaku seine F\u00e4higkeiten als Key Account Manager unter Beweis. Unter dem Motto \u201egeht nicht, gibt\u2019s nicht\u201c nimmt er jede herausfordernde Verantwortung an. F\u00fcr seine sehr bodenst\u00e4ndige Art und Weise ist er bei seinen Vorgesetzten, Kollegen und Kunden gleicherma\u00dfen anerkannt und beliebt und wir alle w\u00fcnschen ihm f\u00fcr seinen weiteren beruflichen und privaten Lebensweg alles Liebe und Gute.<\/p>\n\n\n\n<p class=\"wp-block-paragraph\">Weiter so!<\/p>\n\n\n\n<p class=\"wp-block-paragraph\"><\/p>\n\n\n\n<p class=\"wp-block-paragraph\">Wollen auch Sie Teil der Wackler-Group werden? Dann schauen Sie doch auf unsere <a href=\"\/jobs\/\">Karriereseite<\/a>.<\/p>\n","protected":false},"excerpt":{"rendered":"<p>20 Jahre in der Geb\u00e4udereinigung bei Wackler &#8211; und das mit Leib und Seele Ehre, wem Ehre geb\u00fchrt! Birgit Ullrich, Vorsitzende der Gesch\u00e4ftsf\u00fchrung sowie Gesch\u00e4ftsf\u00fchrer Norman R\u00fchl (rechts im Bild) gratulieren Herrn Binaku zu 20 Jahre Wackler. Immer zur Stelle und stets einen flotten Spruch auf den Lippen \u2013 so kennen und sch\u00e4tzen wir unseren [&hellip;]<\/p>\n","protected":false},"featured_media":1530,"template":"","meta":{"_acf_changed":false},"news-category":[10],"class_list":["post-1345","news","type-news","status-publish","has-post-thumbnail","hentry","news-category-news"],"acf":[],"ase":null,"_links":{"self":[{"href":"https:\/\/www.wackler-group.de\/karriere\/wp-json\/wp\/v2\/news\/1345","targetHints":{"allow":["GET"]}}],"collection":[{"href":"https:\/\/www.wackler-group.de\/karriere\/wp-json\/wp\/v2\/news"}],"about":[{"href":"https:\/\/www.wackler-group.de\/karriere\/wp-json\/wp\/v2\/types\/news"}],"wp:featuredmedia":[{"embeddable":true,"href":"https:\/\/www.wackler-group.de\/karriere\/wp-json\/wp\/v2\/media\/1530"}],"wp:attachment":[{"href":"https:\/\/www.wackler-group.de\/karriere\/wp-json\/wp\/v2\/media?parent=1345"}],"wp:term":[{"taxonomy":"news-category","embeddable":true,"href":"https:\/\/www.wackler-group.de\/karriere\/wp-json\/wp\/v2\/news-category?post=1345"}],"curies":[{"name":"wp","href":"https:\/\/api.w.org\/{rel}","templated":true}]}}