{"id":1340,"date":"2021-09-08T00:00:00","date_gmt":"2021-09-07T22:00:00","guid":{"rendered":"https:\/\/www.wackler-group.de\/karriere\/wissen-hub\/meinjobrad-und-wackler-starten-gemeinsam-durch\/"},"modified":"2026-08-20T09:00:19","modified_gmt":"2026-08-20T09:00:19","slug":"meinjobrad-und-wackler-starten-gemeinsam-durch","status":"publish","type":"news","link":"https:\/\/www.wackler-group.de\/karriere\/wissen-hub\/meinjobrad-und-wackler-starten-gemeinsam-durch\/","title":{"rendered":"meinJobRad und Wackler starten gemeinsam durch"},"content":{"rendered":"\n<p class=\"wp-block-paragraph\">Ab sofort k\u00f6nnen Wackler-Mitarbeiter*innen das JobRad-Modell nutzen und ihr Traumbike zu attraktiven Konditionen \u00fcber Wackler beziehen.<\/p>\n\n\n\n<p class=\"wp-block-paragraph\">\u201eKlimaschutz h\u00f6rt mit Klimaneutralit\u00e4t nicht auf. Im Rahmen der <a href=\"\/nachhaltigkeit\/\">Corporate Social Responsibility-Strategie<\/a> von Wackler haben wir in den letzten 10 Jahren viele Ma\u00dfnahmen auf den Weg gebracht, um Menschen \u00fcber den Klimawandel aufzukl\u00e4ren und unseren Teil dazu beizutragen, CO<sub>2<\/sub>-Emissionen einzusparen. Mit dem JobRad-Modell wollen wir unsere Mitarbeiterinnen und Mitarbeiter unterst\u00fctzen und animieren, \u00f6fter mal auf das Auto zu verzichten und selbst aktiven Klima- und Umweltschutz zu betreiben, denn jeder Beitrag \u2013 auch der kleine \u2013 z\u00e4hlt\u201c, sagt Peter Blenke, CEO\/Vorstand der Wackler Holding SE.<\/p>\n\n\n\n<p class=\"wp-block-paragraph\"><strong>So funktioniert das JobRad-Leasingangebot<\/strong><\/p>\n\n\n\n<p class=\"wp-block-paragraph\">Die Mitarbeiter*innen suchen sich ihr Wunschrad beim Fachh\u00e4ndler oder online aus, alle Hersteller und Marken sind m\u00f6glich. Wackler least das JobRad und \u00fcberl\u00e4sst es den Mitarbeiter*innen. Diese fahren es wann immer sie wollen: zur Arbeit, im Alltag, in den Ferien oder beim Sport.<\/p>\n\n\n\n<figure class=\"wp-block-image size-full\"><img loading=\"lazy\" decoding=\"async\" width=\"700\" height=\"467\" src=\"https:\/\/www.wackler-group.de\/wp-content\/uploads\/2026\/08\/csm_JobRad_Mitarbeiter_mit_Raedern_a91803b3ef.png\" alt=\"Mitarbeiter mit Fahrr\u00e4dern\" class=\"wp-image-2107\" srcset=\"https:\/\/www.wackler-group.de\/wp-content\/uploads\/2026\/08\/csm_JobRad_Mitarbeiter_mit_Raedern_a91803b3ef.png 700w, https:\/\/www.wackler-group.de\/wp-content\/uploads\/2026\/08\/csm_JobRad_Mitarbeiter_mit_Raedern_a91803b3ef-300x200.png 300w, https:\/\/www.wackler-group.de\/wp-content\/uploads\/2026\/08\/csm_JobRad_Mitarbeiter_mit_Raedern_a91803b3ef-664x443.png 664w, https:\/\/www.wackler-group.de\/wp-content\/uploads\/2026\/08\/csm_JobRad_Mitarbeiter_mit_Raedern_a91803b3ef-652x436.png 652w\" sizes=\"(max-width: 700px) 100vw, 700px\" \/><\/figure>\n\n\n\n<figure class=\"wp-block-image size-full\"><img loading=\"lazy\" decoding=\"async\" width=\"700\" height=\"467\" src=\"https:\/\/www.wackler-group.de\/wp-content\/uploads\/2026\/08\/csm_jobrad-jobradler-sonnenschein_d652a0ede6.jpeg\" alt=\"Fahrradfahrer im Sonnenschein\" class=\"wp-image-2108\" srcset=\"https:\/\/www.wackler-group.de\/wp-content\/uploads\/2026\/08\/csm_jobrad-jobradler-sonnenschein_d652a0ede6.jpeg 700w, https:\/\/www.wackler-group.de\/wp-content\/uploads\/2026\/08\/csm_jobrad-jobradler-sonnenschein_d652a0ede6-300x200.jpeg 300w, https:\/\/www.wackler-group.de\/wp-content\/uploads\/2026\/08\/csm_jobrad-jobradler-sonnenschein_d652a0ede6-664x443.jpeg 664w, https:\/\/www.wackler-group.de\/wp-content\/uploads\/2026\/08\/csm_jobrad-jobradler-sonnenschein_d652a0ede6-652x436.jpeg 652w\" sizes=\"(max-width: 700px) 100vw, 700px\" \/><\/figure>\n","protected":false},"excerpt":{"rendered":"<p>Ab sofort k\u00f6nnen Wackler-Mitarbeiter*innen das JobRad-Modell nutzen und ihr Traumbike zu attraktiven Konditionen \u00fcber Wackler beziehen. \u201eKlimaschutz h\u00f6rt mit Klimaneutralit\u00e4t nicht auf. Im Rahmen der Corporate Social Responsibility-Strategie von Wackler haben wir in den letzten 10 Jahren viele Ma\u00dfnahmen auf den Weg gebracht, um Menschen \u00fcber den Klimawandel aufzukl\u00e4ren und unseren Teil dazu beizutragen, CO2-Emissionen [&hellip;]<\/p>\n","protected":false},"featured_media":1530,"template":"","meta":{"_acf_changed":false},"news-category":[10],"class_list":["post-1340","news","type-news","status-publish","has-post-thumbnail","hentry","news-category-news"],"acf":[],"ase":null,"_links":{"self":[{"href":"https:\/\/www.wackler-group.de\/karriere\/wp-json\/wp\/v2\/news\/1340","targetHints":{"allow":["GET"]}}],"collection":[{"href":"https:\/\/www.wackler-group.de\/karriere\/wp-json\/wp\/v2\/news"}],"about":[{"href":"https:\/\/www.wackler-group.de\/karriere\/wp-json\/wp\/v2\/types\/news"}],"wp:featuredmedia":[{"embeddable":true,"href":"https:\/\/www.wackler-group.de\/karriere\/wp-json\/wp\/v2\/media\/1530"}],"wp:attachment":[{"href":"https:\/\/www.wackler-group.de\/karriere\/wp-json\/wp\/v2\/media?parent=1340"}],"wp:term":[{"taxonomy":"news-category","embeddable":true,"href":"https:\/\/www.wackler-group.de\/karriere\/wp-json\/wp\/v2\/news-category?post=1340"}],"curies":[{"name":"wp","href":"https:\/\/api.w.org\/{rel}","templated":true}]}}