{"id":1336,"date":"2022-09-26T00:00:00","date_gmt":"2022-09-25T22:00:00","guid":{"rendered":"https:\/\/www.wackler-group.de\/karriere\/wissen-hub\/die-zahlen-immer-im-blick-seit-45-jahren\/"},"modified":"2026-08-20T09:00:18","modified_gmt":"2026-08-20T09:00:18","slug":"die-zahlen-immer-im-blick-seit-45-jahren","status":"publish","type":"news","link":"https:\/\/www.wackler-group.de\/karriere\/wissen-hub\/die-zahlen-immer-im-blick-seit-45-jahren\/","title":{"rendered":"Die Zahlen immer im Blick \u2013 seit 45 Jahren"},"content":{"rendered":"\n<p class=\"wp-block-paragraph\">Wackler hie\u00df noch \u201eDie M\u00fcnchner Heinzelm\u00e4nnchen\u201c, als Renate Moser am 16. September 1977 ihre Ausbildung zur B\u00fcrokauffrau (damals noch \u201eB\u00fcrokaufmann\u201c) anfing. Seitdem hat sie die Zahlen in der Finanzabteilung immer genau im Blick. Zu ihrem 45. Jubil\u00e4um \u00fcberreichten ihr Vorstand\/CEO Peter Blenke und Markus Mayr, Bereichsleiter Finanzen,&nbsp;einen Geschenkkorb und bedankten sich f\u00fcr die vielen Jahre ihrer Wackler-Treue und ihr Engagement f\u00fcr das Unternehmen. Zudem gab es einen doppelten Grund zum Feiern: Herr Blenke nutzte den Anlass und gratulierte Renate Moser nochmals nachtr\u00e4glich zu ihrem 60. Geburtstag, den sie im August feierte.<\/p>\n\n\n\n<p class=\"wp-block-paragraph\">Wir bedanken uns f\u00fcr die langj\u00e4hrige Zusammenarbeit und w\u00fcnschen f\u00fcr die Zukunft alles Gute!<\/p>\n\n\n\n<figure class=\"wp-block-image size-full\"><img loading=\"lazy\" decoding=\"async\" width=\"700\" height=\"473\" src=\"https:\/\/www.wackler-group.de\/wp-content\/uploads\/2026\/08\/csm_Jubilaeum_Mayr_Moser_Blenke_3c726eba80.jpg\" alt=\"45 Jahre Wackler: Renate Moser mit Vorstand Peter Blenke und Markus Mayr\" class=\"wp-image-2072\" srcset=\"https:\/\/www.wackler-group.de\/wp-content\/uploads\/2026\/08\/csm_Jubilaeum_Mayr_Moser_Blenke_3c726eba80.jpg 700w, https:\/\/www.wackler-group.de\/wp-content\/uploads\/2026\/08\/csm_Jubilaeum_Mayr_Moser_Blenke_3c726eba80-300x203.jpg 300w, https:\/\/www.wackler-group.de\/wp-content\/uploads\/2026\/08\/csm_Jubilaeum_Mayr_Moser_Blenke_3c726eba80-664x449.jpg 664w\" sizes=\"(max-width: 700px) 100vw, 700px\" \/><\/figure>\n\n\n\n<figcaption>\n\t\t\tRenate Moser (Mitte) mit Peter Blenke (rechts) und Markus Mayr (links)<br>\n\t\t<\/figcaption>\n","protected":false},"excerpt":{"rendered":"<p>Wackler hie\u00df noch \u201eDie M\u00fcnchner Heinzelm\u00e4nnchen\u201c, als Renate Moser am 16. September 1977 ihre Ausbildung zur B\u00fcrokauffrau (damals noch \u201eB\u00fcrokaufmann\u201c) anfing. Seitdem hat sie die Zahlen in der Finanzabteilung immer genau im Blick. Zu ihrem 45. Jubil\u00e4um \u00fcberreichten ihr Vorstand\/CEO Peter Blenke und Markus Mayr, Bereichsleiter Finanzen,&nbsp;einen Geschenkkorb und bedankten sich f\u00fcr die vielen Jahre [&hellip;]<\/p>\n","protected":false},"featured_media":1530,"template":"","meta":{"_acf_changed":false},"news-category":[10],"class_list":["post-1336","news","type-news","status-publish","has-post-thumbnail","hentry","news-category-news"],"acf":[],"ase":null,"_links":{"self":[{"href":"https:\/\/www.wackler-group.de\/karriere\/wp-json\/wp\/v2\/news\/1336","targetHints":{"allow":["GET"]}}],"collection":[{"href":"https:\/\/www.wackler-group.de\/karriere\/wp-json\/wp\/v2\/news"}],"about":[{"href":"https:\/\/www.wackler-group.de\/karriere\/wp-json\/wp\/v2\/types\/news"}],"wp:featuredmedia":[{"embeddable":true,"href":"https:\/\/www.wackler-group.de\/karriere\/wp-json\/wp\/v2\/media\/1530"}],"wp:attachment":[{"href":"https:\/\/www.wackler-group.de\/karriere\/wp-json\/wp\/v2\/media?parent=1336"}],"wp:term":[{"taxonomy":"news-category","embeddable":true,"href":"https:\/\/www.wackler-group.de\/karriere\/wp-json\/wp\/v2\/news-category?post=1336"}],"curies":[{"name":"wp","href":"https:\/\/api.w.org\/{rel}","templated":true}]}}