{"id":1335,"date":"2022-10-19T00:00:00","date_gmt":"2022-10-18T22:00:00","guid":{"rendered":"https:\/\/www.wackler-group.de\/karriere\/wissen-hub\/vom-servicemanager-zum-regionalleiter\/"},"modified":"2026-08-20T09:00:18","modified_gmt":"2026-08-20T09:00:18","slug":"vom-servicemanager-zum-regionalleiter","status":"publish","type":"news","link":"https:\/\/www.wackler-group.de\/karriere\/wissen-hub\/vom-servicemanager-zum-regionalleiter\/","title":{"rendered":"Vom Servicemanager zum Regionalleiter"},"content":{"rendered":"\n<p class=\"wp-block-paragraph\">Jobs bei Wackler haben viele Gesichter. Unsere Mitarbeiter*innen erz\u00e4hlen \u00fcber ihre Karrierewege und was das Arbeiten bei Wackler f\u00fcr sie ausmacht:<\/p>\n\n\n\n<p class=\"wp-block-paragraph\"><em>\u201eGestartet habe ich bei Wackler 2007 als Service Manager in der operativen Betreuung von Kundenobjekten. Zwischenzeitlich war ich f\u00fcr 9 Monate als Verkaufsleiter im Vertrieb t\u00e4tig. Nach meiner R\u00fcckkehr in den operativen Bereich konnte ich mich vom Service Manger zum Key Account Manager und schlie\u00dflich zum Niederlassungsleiter weiterentwickeln. Heute verantworte ich als Regionaleiter den Bereich Nord\/Ost mit 8 Niederlassungen.<\/em><\/p>\n\n\n\n<p class=\"wp-block-paragraph\"><em>W\u00e4hrend meiner Zeit bei Wackler habe ich auch meinen Meister in der Geb\u00e4udereinigung gemacht, den ich als Jahrgangsbester abgeschlossen habe.<\/em><\/p>\n\n\n\n<p class=\"wp-block-paragraph\"><em>Wenn man engagiert ist und etwas erreichen m\u00f6chte, wird man bei Wackler gef\u00f6rdert und erh\u00e4lt die Chance, sich weiterzuentwickeln.\u201c<\/em><\/p>\n\n\n\n<p class=\"wp-block-paragraph\"><strong>Jens<\/strong><br> Regionalleiter Nord<\/p>\n\n\n\n<figure class=\"wp-block-image size-full\"><img loading=\"lazy\" decoding=\"async\" width=\"700\" height=\"525\" src=\"https:\/\/www.wackler-group.de\/wp-content\/uploads\/2026\/08\/csm_Vom_Servicemanager_zum_Regionalleiter_1599a95f43.png\" alt=\"Vom Servicemanager zum Regionalleiter\" class=\"wp-image-2070\" srcset=\"https:\/\/www.wackler-group.de\/wp-content\/uploads\/2026\/08\/csm_Vom_Servicemanager_zum_Regionalleiter_1599a95f43.png 700w, https:\/\/www.wackler-group.de\/wp-content\/uploads\/2026\/08\/csm_Vom_Servicemanager_zum_Regionalleiter_1599a95f43-300x225.png 300w, https:\/\/www.wackler-group.de\/wp-content\/uploads\/2026\/08\/csm_Vom_Servicemanager_zum_Regionalleiter_1599a95f43-664x498.png 664w\" sizes=\"(max-width: 700px) 100vw, 700px\" \/><\/figure>\n\n\n\n<h3 class=\"wp-block-heading\">\n                    Das klingt spannend? Wir bieten Jobs und Karrierewege in vielen Bereichen:<br>\n                <\/h3>\n\n\n\n<ul class=\"wp-block-list\">\n<li><strong>Kaufm\u00e4nnische Berufe<\/strong> <strong>bei Wackler<\/strong>: vom Azubi bis zur F\u00fchrungskraft<\/li>\n\n\n\n<li><strong>Jobs im Geb\u00e4udeservice<\/strong>: als Hausmeister*in, G\u00e4rtner*in, Sicherheitskraft, Empfangs- oder Hotellerie-Mitarbeiter*in<\/li>\n\n\n\n<li><strong>Jobs als Reinigungskraft:<\/strong> in Vollzeit, Teilzeit oder als Minijob<\/li>\n\n\n\n<li><strong>Personalvermittlung und Arbeitnehmer\u00fcberlassung:<\/strong>&nbsp;f\u00fcr gewerbliche Fachkr\u00e4fte, Hilfskr\u00e4fte und kaufm\u00e4nnische Jobs<\/li>\n<\/ul>\n\n\n\n<p class=\"wp-block-paragraph\">Mehr Informationen und unsere aktuellen Jobangebote finden Sie auf unserer Karriereseite:&nbsp;<\/p>\n\n\n\n<p class=\"wp-block-paragraph\"><strong><a href=\"\/karriere\/\" title=\"Wackler Karriereseite\">ZUR KARRIERE-SEITE<\/a><\/strong><\/p>\n\n\n\n<p class=\"wp-block-paragraph\">Alle Infos rund um Jobs als Reinigungskraft bei Wackler finden Sie hier:<\/p>\n\n\n\n<p class=\"wp-block-paragraph\"><strong><a href=\"\/jobs\/rund-ums-gebaeude\/reinigungskraft-glas-und-gebaeudereiniger\/\" title=\"Jobs f\u00fcr Reinigungskr\u00e4fte\">JOBS F\u00dcR REINIGUNGSKR\u00c4FTE<\/a><\/strong><\/p>\n","protected":false},"excerpt":{"rendered":"<p>Jobs bei Wackler haben viele Gesichter. Unsere Mitarbeiter*innen erz\u00e4hlen \u00fcber ihre Karrierewege und was das Arbeiten bei Wackler f\u00fcr sie ausmacht: \u201eGestartet habe ich bei Wackler 2007 als Service Manager in der operativen Betreuung von Kundenobjekten. Zwischenzeitlich war ich f\u00fcr 9 Monate als Verkaufsleiter im Vertrieb t\u00e4tig. Nach meiner R\u00fcckkehr in den operativen Bereich konnte [&hellip;]<\/p>\n","protected":false},"featured_media":1530,"template":"","meta":{"_acf_changed":false},"news-category":[10],"class_list":["post-1335","news","type-news","status-publish","has-post-thumbnail","hentry","news-category-news"],"acf":[],"ase":null,"_links":{"self":[{"href":"https:\/\/www.wackler-group.de\/karriere\/wp-json\/wp\/v2\/news\/1335","targetHints":{"allow":["GET"]}}],"collection":[{"href":"https:\/\/www.wackler-group.de\/karriere\/wp-json\/wp\/v2\/news"}],"about":[{"href":"https:\/\/www.wackler-group.de\/karriere\/wp-json\/wp\/v2\/types\/news"}],"wp:featuredmedia":[{"embeddable":true,"href":"https:\/\/www.wackler-group.de\/karriere\/wp-json\/wp\/v2\/media\/1530"}],"wp:attachment":[{"href":"https:\/\/www.wackler-group.de\/karriere\/wp-json\/wp\/v2\/media?parent=1335"}],"wp:term":[{"taxonomy":"news-category","embeddable":true,"href":"https:\/\/www.wackler-group.de\/karriere\/wp-json\/wp\/v2\/news-category?post=1335"}],"curies":[{"name":"wp","href":"https:\/\/api.w.org\/{rel}","templated":true}]}}