{"id":1334,"date":"2022-11-15T00:00:00","date_gmt":"2022-11-14T23:00:00","guid":{"rendered":"https:\/\/www.wackler-group.de\/karriere\/wissen-hub\/wir-gratulieren-markus-mayr-herzlich-zum-10-jaehrigen-dienstjubilaeum\/"},"modified":"2026-08-20T09:00:18","modified_gmt":"2026-08-20T09:00:18","slug":"wir-gratulieren-markus-mayr-herzlich-zum-10-jaehrigen-dienstjubilaeum","status":"publish","type":"news","link":"https:\/\/www.wackler-group.de\/karriere\/wissen-hub\/wir-gratulieren-markus-mayr-herzlich-zum-10-jaehrigen-dienstjubilaeum\/","title":{"rendered":"Wir gratulieren Markus Mayr herzlich zum 10-j\u00e4hrigen Dienstjubil\u00e4um"},"content":{"rendered":"\n<p class=\"wp-block-paragraph\">Es gibt nur wenige im Unternehmen, die ihn nicht kennen \u2013 Markus&nbsp;Mayr, Bereichsleiter Finance bei Wackler und Mitglied des Management-Teams, feiert sein 10-j\u00e4hriges Betriebsjubil\u00e4um.<\/p>\n\n\n\n<p class=\"wp-block-paragraph\">Herr Mayr ist verantwortlich f\u00fcr&nbsp;die Bereiche Finanzbuchhaltung, Controlling,&nbsp;Auftragsmanagement, Versicherungen sowie Fuhrpark und Einkauf.<\/p>\n\n\n\n<p class=\"wp-block-paragraph\">Aufsichtsratsvorsitzender Friedrich P. Wackler und Vorstand\/CEO Peter Blenke gratulieren herzlich und \u00fcberreichten als Dank f\u00fcr den langj\u00e4hrigen Einsatz das Wackler Bubble-M\u00e4nnchen.<\/p>\n\n\n\n<p class=\"wp-block-paragraph\">Wir bedanken uns f\u00fcr die erfolgreiche Zusammenarbeit und freuen uns auf viele weitere gemeinsame Jahre!<\/p>\n\n\n\n<p class=\"wp-block-paragraph\"><\/p>\n\n\n\n<figure class=\"wp-block-image size-full\"><img loading=\"lazy\" decoding=\"async\" width=\"700\" height=\"641\" src=\"https:\/\/www.wackler-group.de\/wp-content\/uploads\/2026\/08\/csm_Jubilaeum_Herr_Mayr_8c07a19909.jpg\" alt=\"\" class=\"wp-image-2064\" srcset=\"https:\/\/www.wackler-group.de\/wp-content\/uploads\/2026\/08\/csm_Jubilaeum_Herr_Mayr_8c07a19909.jpg 700w, https:\/\/www.wackler-group.de\/wp-content\/uploads\/2026\/08\/csm_Jubilaeum_Herr_Mayr_8c07a19909-300x275.jpg 300w, https:\/\/www.wackler-group.de\/wp-content\/uploads\/2026\/08\/csm_Jubilaeum_Herr_Mayr_8c07a19909-664x608.jpg 664w\" sizes=\"(max-width: 700px) 100vw, 700px\" \/><\/figure>\n\n\n\n<figcaption>\n\t\t\tAufsichtsratsvorsitzender Friedrich P. Wackler (links), Vorstand \/CEO Peter Blenke (rechts) mit Bereichsleiter Finance Markus Mayr (Mitte)<br>\n\t\t<\/figcaption>\n","protected":false},"excerpt":{"rendered":"<p>Es gibt nur wenige im Unternehmen, die ihn nicht kennen \u2013 Markus&nbsp;Mayr, Bereichsleiter Finance bei Wackler und Mitglied des Management-Teams, feiert sein 10-j\u00e4hriges Betriebsjubil\u00e4um. Herr Mayr ist verantwortlich f\u00fcr&nbsp;die Bereiche Finanzbuchhaltung, Controlling,&nbsp;Auftragsmanagement, Versicherungen sowie Fuhrpark und Einkauf. Aufsichtsratsvorsitzender Friedrich P. Wackler und Vorstand\/CEO Peter Blenke gratulieren herzlich und \u00fcberreichten als Dank f\u00fcr den langj\u00e4hrigen Einsatz [&hellip;]<\/p>\n","protected":false},"featured_media":1530,"template":"","meta":{"_acf_changed":false},"news-category":[10],"class_list":["post-1334","news","type-news","status-publish","has-post-thumbnail","hentry","news-category-news"],"acf":[],"ase":null,"_links":{"self":[{"href":"https:\/\/www.wackler-group.de\/karriere\/wp-json\/wp\/v2\/news\/1334","targetHints":{"allow":["GET"]}}],"collection":[{"href":"https:\/\/www.wackler-group.de\/karriere\/wp-json\/wp\/v2\/news"}],"about":[{"href":"https:\/\/www.wackler-group.de\/karriere\/wp-json\/wp\/v2\/types\/news"}],"wp:featuredmedia":[{"embeddable":true,"href":"https:\/\/www.wackler-group.de\/karriere\/wp-json\/wp\/v2\/media\/1530"}],"wp:attachment":[{"href":"https:\/\/www.wackler-group.de\/karriere\/wp-json\/wp\/v2\/media?parent=1334"}],"wp:term":[{"taxonomy":"news-category","embeddable":true,"href":"https:\/\/www.wackler-group.de\/karriere\/wp-json\/wp\/v2\/news-category?post=1334"}],"curies":[{"name":"wp","href":"https:\/\/api.w.org\/{rel}","templated":true}]}}