{"id":1326,"date":"2023-08-29T00:00:00","date_gmt":"2023-08-28T22:00:00","guid":{"rendered":"https:\/\/www.wackler-group.de\/karriere\/wissen-hub\/default-5f41b8c1724833b06706666ad17741f4\/"},"modified":"2026-08-20T09:00:18","modified_gmt":"2026-08-20T09:00:18","slug":"default-5f41b8c1724833b06706666ad17741f4","status":"publish","type":"news","link":"https:\/\/www.wackler-group.de\/karriere\/wissen-hub\/default-5f41b8c1724833b06706666ad17741f4\/","title":{"rendered":"20 Jahre bei Wackler: Herzlichen Gl\u00fcckwunsch, Beatrix Langer!"},"content":{"rendered":"\n<p class=\"wp-block-paragraph\">\u201eDas Sch\u00f6nste an meiner Arbeit ist es, Menschen und Mitarbeiter zu motivieren und gemeinsam abwechslungsreiche Aufgaben zu meistern. An Wackler sch\u00e4tze ich vor allem die Verbundenheit mit meinen Mitarbeiterinnen und Mitarbeitern und das Wackler mich fordert, zugleich aber auch f\u00f6rdert.\u201c So Beatrix Langer auf die Frage nach ihrem Fazit zum 20-j\u00e4hrigen Dienstjubil\u00e4um bei Wackler.<\/p>\n\n\n\n<p class=\"wp-block-paragraph\">Eigentlich wollten und sollten wir von Wackler ja zu diesem Anlass Komplimente und Danksagungen verteilen. Doch mit diesem R\u00e9sum\u00e9, liebe Frau Langer, haben Sie uns das sch\u00f6nste Kompliment gemacht! Alle Unternehmen machen sich gerade auf und sprechen von Verantwortung und sozialer Nachhaltigkeit. Allzu h\u00e4ufig sind das jedoch nur Lippenbekenntnisse. Sie, liebe Frau Langer, sind der beste Beweis, dass <a href=\"\/nachhaltigkeit\/\">Nachhaltigkeit bei Wackler<\/a> wirklich gelebt wird. 20 Jahre Verbundenheit mit den Menschen und dem Unternehmen, das funktioniert nicht ohne gegenseitige Wertsch\u00e4tzung. Und Wertsch\u00e4tzung hei\u00dft ja auch, dass man gemeinsame Werte teilt und so erst eine langfristige und vertrauensvolle Zusammenarbeit m\u00f6glich wird.<\/p>\n\n\n\n<p class=\"wp-block-paragraph\">Und genau so ist es dann auch gekommen: Gestartet 2003 als Service Managerin f\u00fcr ein Hotel am Schliersee, heute gestandene Bereichsleiterin f\u00fcr S\u00fcdostbayern. Chapeau! Aber dazu lassen wir jetzt besser unseren dortigen Niederlassungsleiter, Ibrahim Akar, zu Wort kommen: \u201eEs ist eine wahre Freude, Frau Langer in der Firma zu haben. Ihre Pr\u00e4senz tr\u00e4gt ma\u00dfgeblich zum positiven Arbeitsumfeld bei und erinnert uns daran, wie wichtig es ist, mit Herzblut bei der Sache zu sein. Wir freuen uns darauf, sie auf ihrem weiteren beruflichen Weg zu begleiten.\u201c<\/p>\n\n\n\n<p class=\"wp-block-paragraph\">Wir finden, Sie sind ein wunderbarer Grund zu feiern! Auf Sie, liebe Frau Langer!<\/p>\n\n\n\n<figure class=\"wp-block-image size-full\"><img loading=\"lazy\" decoding=\"async\" width=\"700\" height=\"560\" src=\"https:\/\/www.wackler-group.de\/wp-content\/uploads\/2026\/08\/csm_20_Jahre_Beatrix_Langer_08b9d12b03.jpg\" alt=\"\" class=\"wp-image-2019\" srcset=\"https:\/\/www.wackler-group.de\/wp-content\/uploads\/2026\/08\/csm_20_Jahre_Beatrix_Langer_08b9d12b03.jpg 700w, https:\/\/www.wackler-group.de\/wp-content\/uploads\/2026\/08\/csm_20_Jahre_Beatrix_Langer_08b9d12b03-300x240.jpg 300w, https:\/\/www.wackler-group.de\/wp-content\/uploads\/2026\/08\/csm_20_Jahre_Beatrix_Langer_08b9d12b03-664x531.jpg 664w\" sizes=\"(max-width: 700px) 100vw, 700px\" \/><\/figure>\n\n\n\n<figcaption>\n\t\t\tWacker Vorstand \/ CEO Peter Blenke (2. von rechts), Ramazan Tozan, Regionalleiter S\u00fcdost (links) und Ibrahim Akar, Niederlassungsleiter S\u00fcdostbayern (rechts) gratulieren Beatrix Langer (2. von links) herzlich zum 20-j\u00e4hrigen Firmenjubil\u00e4um<br>\n\t\t<\/figcaption>\n","protected":false},"excerpt":{"rendered":"<p>\u201eDas Sch\u00f6nste an meiner Arbeit ist es, Menschen und Mitarbeiter zu motivieren und gemeinsam abwechslungsreiche Aufgaben zu meistern. An Wackler sch\u00e4tze ich vor allem die Verbundenheit mit meinen Mitarbeiterinnen und Mitarbeitern und das Wackler mich fordert, zugleich aber auch f\u00f6rdert.\u201c So Beatrix Langer auf die Frage nach ihrem Fazit zum 20-j\u00e4hrigen Dienstjubil\u00e4um bei Wackler. Eigentlich [&hellip;]<\/p>\n","protected":false},"featured_media":1530,"template":"","meta":{"_acf_changed":false},"news-category":[10],"class_list":["post-1326","news","type-news","status-publish","has-post-thumbnail","hentry","news-category-news"],"acf":[],"ase":null,"_links":{"self":[{"href":"https:\/\/www.wackler-group.de\/karriere\/wp-json\/wp\/v2\/news\/1326","targetHints":{"allow":["GET"]}}],"collection":[{"href":"https:\/\/www.wackler-group.de\/karriere\/wp-json\/wp\/v2\/news"}],"about":[{"href":"https:\/\/www.wackler-group.de\/karriere\/wp-json\/wp\/v2\/types\/news"}],"wp:featuredmedia":[{"embeddable":true,"href":"https:\/\/www.wackler-group.de\/karriere\/wp-json\/wp\/v2\/media\/1530"}],"wp:attachment":[{"href":"https:\/\/www.wackler-group.de\/karriere\/wp-json\/wp\/v2\/media?parent=1326"}],"wp:term":[{"taxonomy":"news-category","embeddable":true,"href":"https:\/\/www.wackler-group.de\/karriere\/wp-json\/wp\/v2\/news-category?post=1326"}],"curies":[{"name":"wp","href":"https:\/\/api.w.org\/{rel}","templated":true}]}}