{"id":1323,"date":"2023-10-17T00:00:00","date_gmt":"2023-10-16T22:00:00","guid":{"rendered":"https:\/\/www.wackler-group.de\/karriere\/wissen-hub\/wackler-akademie-aus-und-weiterbildung-fuer-unsere-belegschaft\/"},"modified":"2026-08-20T09:00:18","modified_gmt":"2026-08-20T09:00:18","slug":"wackler-akademie-aus-und-weiterbildung-fuer-unsere-belegschaft","status":"publish","type":"news","link":"https:\/\/www.wackler-group.de\/karriere\/wissen-hub\/wackler-akademie-aus-und-weiterbildung-fuer-unsere-belegschaft\/","title":{"rendered":"Wackler Akademie: Aus- und Weiterbildung f\u00fcr unsere Belegschaft"},"content":{"rendered":"\n<h3 class=\"wp-block-heading\">\n\t\t\t\tElke Eickerling, Manager Learning &amp; Development, stellt die Personalentwicklung bei Wackler vor<br>\n\t\t\t<\/h3>\n\n\n\n<figure class=\"wp-block-image size-full\"><img loading=\"lazy\" decoding=\"async\" width=\"700\" height=\"393\" src=\"https:\/\/www.wackler-group.de\/wp-content\/uploads\/2026\/08\/csm_Wackler_Akademie_d26630db9d.jpg\" alt=\"\" class=\"wp-image-2009\" srcset=\"https:\/\/www.wackler-group.de\/wp-content\/uploads\/2026\/08\/csm_Wackler_Akademie_d26630db9d.jpg 700w, https:\/\/www.wackler-group.de\/wp-content\/uploads\/2026\/08\/csm_Wackler_Akademie_d26630db9d-300x168.jpg 300w, https:\/\/www.wackler-group.de\/wp-content\/uploads\/2026\/08\/csm_Wackler_Akademie_d26630db9d-664x373.jpg 664w\" sizes=\"(max-width: 700px) 100vw, 700px\" \/><\/figure>\n\n\n\n<p class=\"wp-block-paragraph\">Elke Eickerling leitet seit Februar 2022 den neu geschaffenen Bereich Learning &amp; Development bei Wackler. Sie bringt langj\u00e4hrige Berufserfahrung im Aufbau und der Weiterentwicklung des Bereichs Personal- und Organisationsentwicklung mit.<\/p>\n\n\n\n<p class=\"wp-block-paragraph\">Heute stellt Frau Eickerling uns die Wackler Akademie vor, die alle Angebote in den Bereichen Ausbildung, Onboarding, Qualifizierung &amp; Weiterbildung sowie Karriere b\u00fcndelt.<\/p>\n\n\n\n<h2 class=\"wp-block-heading\">\n                    Die Wackler Akademie:<br>\n                <\/h2>\n\n\n\n<p class=\"wp-block-paragraph\">Unsere Mitarbeiter*innen sind unser wichtigstes Gut und wesentlich f\u00fcr unseren Erfolg als Dienstleistungsunternehmen \u2013 ganz nach unserem Werteversprechen: Der Mensch im Mittelpunkt. Deshalb m\u00f6chten wir unsere Belegschaft dabei unterst\u00fctzen, sich fachlich und pers\u00f6nlich weiterzuentwickeln.<\/p>\n\n\n\n<ul class=\"wp-block-list\">\n<li><strong>Qualifizierung &amp; Weiterbildung<\/strong><\/li>\n<\/ul>\n\n\n\n<p class=\"wp-block-paragraph\">Das neue <strong>Weiterbildungsprogramm<\/strong> der Wackler Group ist eine Zusammenf\u00fchrung der Qualifizierungs- und Weiterbildungsangebote der Bereiche Learning &amp; Development und Organisationsentwicklung sowie der ConClimate. Es beinhaltet fachlichen Schulungen und Weiterbildungen f\u00fcr Reinigungskr\u00e4fte, wie den Fachwirt f\u00fcr Reinigungs- und Hygienetechnik, und Schulungen zum Arbeitsschutz. F\u00fcr kaufm\u00e4nnische Mitarbeiter*innen gibt es Trainings zu Kommunikation, Projektmanagement und IT-Programmen. Dar\u00fcber hinaus bieten wir Schulungen im Bereich Personalf\u00fchrung und Nachhaltigkeit, wie den Fachwirt f\u00fcr CSR &amp; Klimaschutz.<\/p>\n\n\n\n<ul class=\"wp-block-list\">\n<li><strong>Onboarding-Programme <\/strong><\/li>\n<\/ul>\n\n\n\n<p class=\"wp-block-paragraph\">Das Onboarding neuer F\u00fchrungskr\u00e4fte unterst\u00fctzen wir mit internen Mentoren und <strong>F\u00fchrungskr\u00e4fte-Coachings<\/strong>. Dazu z\u00e4hlt unser Onboarding-Programm f\u00fcr Regional- und Bereichsleiter sowie ein individuelles <a href=\"\/wissen-hub\/onboarding-bei-wackler-coaching-fuer-neue-fuehrungskraefte\/\">Coaching f\u00fcr Niederlassungsleiter<\/a>, f\u00fcr das wir mit einem erfahrenen externen Leadership-Coach zusammenarbeiten.&nbsp;<\/p>\n\n\n\n<ul class=\"wp-block-list\">\n<li><strong>Ausbildung&nbsp; <\/strong><\/li>\n<\/ul>\n\n\n\n<p class=\"wp-block-paragraph\">Wackler bildet in mehreren Ausbildungsberufen aus, im Bereich <strong>Geb\u00e4udereinigung, Fachinformatik, B\u00fcromanagement und Personaldienstleistung<\/strong>. Unser Wackler <a href=\"\/wissen-hub\/ausbildung-bei-wackler\/\">&nbsp;Ausbildungsprogramm<\/a> beinhaltet Grundbausteine mit Seminaren und Workshops, sowie praxisbezogene Aktivit\u00e4ten, wie der Besuch von Messen, Teamentwicklung, Besuche in Niederlassungen und Mitwirkung in Projekten.<\/p>\n\n\n\n<ul class=\"wp-block-list\">\n<li><strong>Karriere<\/strong><\/li>\n<\/ul>\n\n\n\n<p class=\"wp-block-paragraph\">Die strategische Mitarbeiterentwicklung f\u00f6rdert Wackler mit Trainings zur Personalf\u00fchrung f\u00fcr neue und erfahrene F\u00fchrungskr\u00e4fte, Angeboten zur Teamentwicklung und Programmen zur Vorbereitung auf F\u00fchrungspositionen. Dazu z\u00e4hlt auch unser <strong>F\u00f6rderprogramm f\u00fcr Nachwuchsf\u00fchrungskr\u00e4fte im gewerblichen Bereich<\/strong>, mit dem wir motivierte Mitarbeiter*innen gezielt auf eine zuk\u00fcnftige Rolle als Teamleiter oder <a href=\"\/wissen-hub\/fuehrungskraft-in-der-gebaeudereinigung-der-beruf-service-managerin\/\">Service Manager<\/a>&nbsp;vorbereiten. Dir Mitglieder des Managements unterst\u00fctzen wir mit einem <strong>Management Coaching<\/strong> bei der Integration ins Unternehmen sowie der individuellen Entwicklung als F\u00fchrungskraft.<\/p>\n\n\n\n<p class=\"wp-block-paragraph\"><\/p>\n\n\n\n<p class=\"wp-block-paragraph\">Mehr \u00fcber das Arbeiten bei Wackler und unsere aktuellen Stellenangebote erfahren Sie auf unserer Karriereseite:&nbsp;<\/p>\n\n\n\n<p class=\"wp-block-paragraph\"><a href=\"\/karriere\/\">Wackler Karriereseite<\/a><\/p>\n","protected":false},"excerpt":{"rendered":"<p>Elke Eickerling, Manager Learning &amp; Development, stellt die Personalentwicklung bei Wackler vor Elke Eickerling leitet seit Februar 2022 den neu geschaffenen Bereich Learning &amp; Development bei Wackler. Sie bringt langj\u00e4hrige Berufserfahrung im Aufbau und der Weiterentwicklung des Bereichs Personal- und Organisationsentwicklung mit. Heute stellt Frau Eickerling uns die Wackler Akademie vor, die alle Angebote in [&hellip;]<\/p>\n","protected":false},"featured_media":1530,"template":"","meta":{"_acf_changed":false},"news-category":[10],"class_list":["post-1323","news","type-news","status-publish","has-post-thumbnail","hentry","news-category-news"],"acf":[],"ase":null,"_links":{"self":[{"href":"https:\/\/www.wackler-group.de\/karriere\/wp-json\/wp\/v2\/news\/1323","targetHints":{"allow":["GET"]}}],"collection":[{"href":"https:\/\/www.wackler-group.de\/karriere\/wp-json\/wp\/v2\/news"}],"about":[{"href":"https:\/\/www.wackler-group.de\/karriere\/wp-json\/wp\/v2\/types\/news"}],"wp:featuredmedia":[{"embeddable":true,"href":"https:\/\/www.wackler-group.de\/karriere\/wp-json\/wp\/v2\/media\/1530"}],"wp:attachment":[{"href":"https:\/\/www.wackler-group.de\/karriere\/wp-json\/wp\/v2\/media?parent=1323"}],"wp:term":[{"taxonomy":"news-category","embeddable":true,"href":"https:\/\/www.wackler-group.de\/karriere\/wp-json\/wp\/v2\/news-category?post=1323"}],"curies":[{"name":"wp","href":"https:\/\/api.w.org\/{rel}","templated":true}]}}