{"id":1321,"date":"2023-10-19T00:00:00","date_gmt":"2023-10-18T22:00:00","guid":{"rendered":"https:\/\/www.wackler-group.de\/karriere\/wissen-hub\/10-jahre-bei-wackler-herzlichen-glueckwunsch-martina-ohl\/"},"modified":"2026-08-20T09:00:18","modified_gmt":"2026-08-20T09:00:18","slug":"10-jahre-bei-wackler-herzlichen-glueckwunsch-martina-ohl","status":"publish","type":"news","link":"https:\/\/www.wackler-group.de\/karriere\/wissen-hub\/10-jahre-bei-wackler-herzlichen-glueckwunsch-martina-ohl\/","title":{"rendered":"10 Jahre bei Wackler: Herzlichen Gl\u00fcckwunsch, Martina Ohl!"},"content":{"rendered":"\n<p class=\"wp-block-paragraph\">Im Namen der Gesch\u00e4ftsleitung und des gesamten Teams der Wackler Service Group S\u00fcd gratulieren wir Frau Ohl herzlich zu ihrem 10-j\u00e4hrigen Dienstjubil\u00e4um. &nbsp;<\/p>\n\n\n\n<p class=\"wp-block-paragraph\">Auf die Frage, was seine Mitarbeiterin einzigartig macht, meint Bernd B\u00fchler, Regionalleiter: \u201eIch sch\u00e4tze Frau Ohl pers\u00f6nlich f\u00fcr ihre offene, ehrliche und verbindliche Art, sowie ihren absoluten Dienstleistungsgedanken im Sinne des Unternehmens.\u201c<\/p>\n\n\n\n<p class=\"wp-block-paragraph\">Frau Ohl ist seit vielen Jahren kompetente und verl\u00e4ssliche Ansprechpartnerin f\u00fcr einen unserer gr\u00f6\u00dften M\u00fcnchner Kunden. Als ausgebildete Meisterin f\u00fcr das Geb\u00e4udereinigerhandwerk f\u00fchrt sie ihr Team aus \u00fcber 80 Reinigungskr\u00e4ften mit viel Engagement und Leidenschaft.<\/p>\n\n\n\n<p class=\"wp-block-paragraph\"><strong>Liebe Frau Ohl, wir bedanken uns f\u00fcr Ihren unerm\u00fcdlichen Einsatz und 10 Jahre Treue zu unserem Unternehmen. Wir sind froh, Sie in unserer Belegschaft zu haben und freuen uns auf viele weitere&nbsp;gemeinsame Jahre!<\/strong><\/p>\n\n\n\n<figure class=\"wp-block-image size-full\"><img loading=\"lazy\" decoding=\"async\" width=\"700\" height=\"503\" src=\"https:\/\/www.wackler-group.de\/wp-content\/uploads\/2026\/08\/csm_10_Jahre_Martina_Ohl_10e21585ba.jpg\" alt=\"\" class=\"wp-image-2007\" srcset=\"https:\/\/www.wackler-group.de\/wp-content\/uploads\/2026\/08\/csm_10_Jahre_Martina_Ohl_10e21585ba.jpg 700w, https:\/\/www.wackler-group.de\/wp-content\/uploads\/2026\/08\/csm_10_Jahre_Martina_Ohl_10e21585ba-300x216.jpg 300w, https:\/\/www.wackler-group.de\/wp-content\/uploads\/2026\/08\/csm_10_Jahre_Martina_Ohl_10e21585ba-664x477.jpg 664w\" sizes=\"(max-width: 700px) 100vw, 700px\" \/><\/figure>\n\n\n\n<figcaption>\n\t\t\tWackler Vorstand\/CEO Peter Blenke (links) und Bernd B\u00fchler, Regionalleiter (rechts), gratulieren Martina Ohl herzlich zum 10-j\u00e4hrigen Firmenjubil\u00e4um<br>\n\t\t<\/figcaption>\n","protected":false},"excerpt":{"rendered":"<p>Im Namen der Gesch\u00e4ftsleitung und des gesamten Teams der Wackler Service Group S\u00fcd gratulieren wir Frau Ohl herzlich zu ihrem 10-j\u00e4hrigen Dienstjubil\u00e4um. &nbsp; Auf die Frage, was seine Mitarbeiterin einzigartig macht, meint Bernd B\u00fchler, Regionalleiter: \u201eIch sch\u00e4tze Frau Ohl pers\u00f6nlich f\u00fcr ihre offene, ehrliche und verbindliche Art, sowie ihren absoluten Dienstleistungsgedanken im Sinne des Unternehmens.\u201c [&hellip;]<\/p>\n","protected":false},"featured_media":1530,"template":"","meta":{"_acf_changed":false},"news-category":[10],"class_list":["post-1321","news","type-news","status-publish","has-post-thumbnail","hentry","news-category-news"],"acf":[],"ase":null,"_links":{"self":[{"href":"https:\/\/www.wackler-group.de\/karriere\/wp-json\/wp\/v2\/news\/1321","targetHints":{"allow":["GET"]}}],"collection":[{"href":"https:\/\/www.wackler-group.de\/karriere\/wp-json\/wp\/v2\/news"}],"about":[{"href":"https:\/\/www.wackler-group.de\/karriere\/wp-json\/wp\/v2\/types\/news"}],"wp:featuredmedia":[{"embeddable":true,"href":"https:\/\/www.wackler-group.de\/karriere\/wp-json\/wp\/v2\/media\/1530"}],"wp:attachment":[{"href":"https:\/\/www.wackler-group.de\/karriere\/wp-json\/wp\/v2\/media?parent=1321"}],"wp:term":[{"taxonomy":"news-category","embeddable":true,"href":"https:\/\/www.wackler-group.de\/karriere\/wp-json\/wp\/v2\/news-category?post=1321"}],"curies":[{"name":"wp","href":"https:\/\/api.w.org\/{rel}","templated":true}]}}