{"id":1317,"date":"2023-11-14T00:00:00","date_gmt":"2023-11-13T23:00:00","guid":{"rendered":"https:\/\/www.wackler-group.de\/karriere\/wissen-hub\/wackler-stellt-reinigungskraefte-unbefristet-ein\/"},"modified":"2026-08-20T09:00:18","modified_gmt":"2026-08-20T09:00:18","slug":"wackler-stellt-reinigungskraefte-unbefristet-ein","status":"publish","type":"news","link":"https:\/\/www.wackler-group.de\/karriere\/wissen-hub\/wackler-stellt-reinigungskraefte-unbefristet-ein\/","title":{"rendered":"Wackler stellt Reinigungskr\u00e4fteunbefristet ein"},"content":{"rendered":"\n<h3 class=\"wp-block-heading\">\n\t\t\t\tAb sofort bietet Wackler auch seinen Mitarbeiter*innen in der Geb\u00e4udereinigung unbefristete Arbeitsvertr\u00e4ge.<br>\n\t\t\t<\/h3>\n\n\n\n<p class=\"wp-block-paragraph\">Gerade in turbulenten Zeiten wie diesen m\u00f6chten wir unseren Reinigungskr\u00e4ften und anderen gewerblichen Mitarbeiter*innen Sicherheit und eine langfristige Perspektive bieten. Deshalb bietet Wackler auch seinen Mitarbeiter*innen in der Geb\u00e4udereinigung ab sofort unbefristete Arbeitsvertr\u00e4ge.&nbsp;Neben der in der Regel unbefristeten Anstellung bieten wir ihnen mit unserer <a href=\"\/wissen-hub\/wackler-akademie-aus-und-weiterbildung-fuer-unsere-belegschaft\/\">Wackler Akademie<\/a>&nbsp;auch vielf\u00e4ltige Qualifizierungs- und Weiterbildungsm\u00f6glichkeiten.<\/p>\n\n\n\n<p class=\"wp-block-paragraph\">Zugleich st\u00e4rken wir mit diesem Angebot unsere Attraktivit\u00e4t als Arbeitgeber und begegnen damit den Herausforderungen bei der <a href=\"\/wissen-hub\/wie-gewinnt-man-personal-fuer-die-facility-management-branche\/\">Personalgewinnung<\/a>, die auch die Facility Management Branche betreffen.&nbsp;<\/p>\n\n\n\n<p class=\"wp-block-paragraph\">\u201eAls Personalchef freue ich mich sehr \u00fcber diese Entwicklung. Die Entscheidung, unbefristete Arbeitsvertr\u00e4ge anzubieten, ist ein wichtiger Schritt, um unseren Mitarbeiter*innen Wertsch\u00e4tzung, Vertrauen und Sicherheit zu bieten. Es zeigt unser Engagement f\u00fcr das Wohl unseres Personals und st\u00e4rkt unser Image als attraktiver Arbeitgeber. Wir freuen uns auf die positiven Auswirkungen dieser Entscheidung auf unsere Belegschaft und das Unternehmen insgesamt\u201c, so Alexander Keil, Bereichsleitung Personal und Recht.<\/p>\n\n\n\n<figure class=\"wp-block-image size-full\"><img loading=\"lazy\" decoding=\"async\" width=\"700\" height=\"700\" src=\"https:\/\/www.wackler-group.de\/wp-content\/uploads\/2026\/08\/csm_Wackler_unbefristete_Arbeitsvertraege_2_cbc6e9c5b7.png\" alt=\"\" class=\"wp-image-1999\" srcset=\"https:\/\/www.wackler-group.de\/wp-content\/uploads\/2026\/08\/csm_Wackler_unbefristete_Arbeitsvertraege_2_cbc6e9c5b7.png 700w, https:\/\/www.wackler-group.de\/wp-content\/uploads\/2026\/08\/csm_Wackler_unbefristete_Arbeitsvertraege_2_cbc6e9c5b7-300x300.png 300w, https:\/\/www.wackler-group.de\/wp-content\/uploads\/2026\/08\/csm_Wackler_unbefristete_Arbeitsvertraege_2_cbc6e9c5b7-664x664.png 664w\" sizes=\"(max-width: 700px) 100vw, 700px\" \/><\/figure>\n","protected":false},"excerpt":{"rendered":"<p>Ab sofort bietet Wackler auch seinen Mitarbeiter*innen in der Geb\u00e4udereinigung unbefristete Arbeitsvertr\u00e4ge. Gerade in turbulenten Zeiten wie diesen m\u00f6chten wir unseren Reinigungskr\u00e4ften und anderen gewerblichen Mitarbeiter*innen Sicherheit und eine langfristige Perspektive bieten. Deshalb bietet Wackler auch seinen Mitarbeiter*innen in der Geb\u00e4udereinigung ab sofort unbefristete Arbeitsvertr\u00e4ge.&nbsp;Neben der in der Regel unbefristeten Anstellung bieten wir ihnen mit [&hellip;]<\/p>\n","protected":false},"featured_media":1530,"template":"","meta":{"_acf_changed":false},"news-category":[10],"class_list":["post-1317","news","type-news","status-publish","has-post-thumbnail","hentry","news-category-news"],"acf":[],"ase":null,"_links":{"self":[{"href":"https:\/\/www.wackler-group.de\/karriere\/wp-json\/wp\/v2\/news\/1317","targetHints":{"allow":["GET"]}}],"collection":[{"href":"https:\/\/www.wackler-group.de\/karriere\/wp-json\/wp\/v2\/news"}],"about":[{"href":"https:\/\/www.wackler-group.de\/karriere\/wp-json\/wp\/v2\/types\/news"}],"wp:featuredmedia":[{"embeddable":true,"href":"https:\/\/www.wackler-group.de\/karriere\/wp-json\/wp\/v2\/media\/1530"}],"wp:attachment":[{"href":"https:\/\/www.wackler-group.de\/karriere\/wp-json\/wp\/v2\/media?parent=1317"}],"wp:term":[{"taxonomy":"news-category","embeddable":true,"href":"https:\/\/www.wackler-group.de\/karriere\/wp-json\/wp\/v2\/news-category?post=1317"}],"curies":[{"name":"wp","href":"https:\/\/api.w.org\/{rel}","templated":true}]}}