{"id":1314,"date":"2023-12-21T00:00:00","date_gmt":"2023-12-20T23:00:00","guid":{"rendered":"https:\/\/www.wackler-group.de\/karriere\/wissen-hub\/das-fit-for-job-programm-der-wackler-group\/"},"modified":"2026-08-20T09:00:18","modified_gmt":"2026-08-20T09:00:18","slug":"das-fit-for-job-programm-der-wackler-group","status":"publish","type":"news","link":"https:\/\/www.wackler-group.de\/karriere\/wissen-hub\/das-fit-for-job-programm-der-wackler-group\/","title":{"rendered":"Das \u201eFit for Job\u201c-Programm der Wackler Group"},"content":{"rendered":"\n<p class=\"wp-block-paragraph\">Im November 2023 startete das neue \u201eFit for Job\u201c-Programm der Wackler Akademie mit insgesamt neun Teilnehmerinnen und Teilnehmern aus dem gesamten Bundesgebiet. Das Trainingsprogramm richtet sich an alle Service Manager und Bereichsleiter der Wackler Group.<\/p>\n\n\n\n<p class=\"wp-block-paragraph\">Das Programm besteht aus mehreren Modulen, die innerhalb von zwei Jahren absolviert werden. Mit den Trainingsschwerpunkten F\u00fchren, Selbstorganisation und Kundenmanagement unterst\u00fctzen wir unsere Service Manager und Bereichsleiter bei ihren wesentlichen Aufgaben als <a href=\"\/wissen-hub\/fuehrungskraft-in-der-gebaeudereinigung-der-beruf-service-managerin\/\">F\u00fchrungskr\u00e4fte in der Geb\u00e4udereinigung<\/a>. Als Trainer konnten wir den erfahrenen Coach Matthias Essing, Experte f\u00fcr F\u00fchren und Vertrieb, gewinnen.<\/p>\n\n\n\n<p class=\"wp-block-paragraph\">Das Fazit der Teilnehmer*innen war durchweg positiv. Gesch\u00e4tzt wurde vor allem die gute Zusammenarbeit und gegenseitige Unterst\u00fctzung, die M\u00f6glichkeit zur unternehmensweiten Vernetzung und das Engagement des Trainers.<\/p>\n\n\n\n<p class=\"wp-block-paragraph\">Wir freuen uns auf die Fortsetzung des Programms in 2024!<\/p>\n\n\n\n<p class=\"wp-block-paragraph\">Mit der <a href=\"\/wissen-hub\/wackler-akademie-aus-und-weiterbildung-fuer-unsere-belegschaft\/\">Wackler Akademie<\/a> bieten wir unserer Belegschaft ein breites Spektrum an Trainings und Weiterbildungsprogrammen. Dazu z\u00e4hlen Angebote in den Bereichen <a href=\"\/wissen-hub\/ausbildung-bei-wackler\/\">Ausbildung<\/a>, <a href=\"\/wissen-hub\/onboarding-bei-wackler-coaching-fuer-neue-fuehrungskraefte\/\">Onboarding<\/a>, <a href=\"\/wissen-hub\/fachwirt-fuer-reinigungs-und-hygienetechnik-bei-der-wackler-akademie\/\">Qualifizierung &amp; Weiterbildung<\/a> sowie Karriere.<\/p>\n\n\n\n<figure class=\"wp-block-image size-full\"><img loading=\"lazy\" decoding=\"async\" width=\"700\" height=\"401\" src=\"https:\/\/www.wackler-group.de\/wp-content\/uploads\/2026\/08\/csm_Wackler_Fit_for_job_5b4d4e83cb.png\" alt=\"\" class=\"wp-image-1989\" srcset=\"https:\/\/www.wackler-group.de\/wp-content\/uploads\/2026\/08\/csm_Wackler_Fit_for_job_5b4d4e83cb.png 700w, https:\/\/www.wackler-group.de\/wp-content\/uploads\/2026\/08\/csm_Wackler_Fit_for_job_5b4d4e83cb-300x172.png 300w, https:\/\/www.wackler-group.de\/wp-content\/uploads\/2026\/08\/csm_Wackler_Fit_for_job_5b4d4e83cb-664x380.png 664w\" sizes=\"(max-width: 700px) 100vw, 700px\" \/><\/figure>\n","protected":false},"excerpt":{"rendered":"<p>Im November 2023 startete das neue \u201eFit for Job\u201c-Programm der Wackler Akademie mit insgesamt neun Teilnehmerinnen und Teilnehmern aus dem gesamten Bundesgebiet. Das Trainingsprogramm richtet sich an alle Service Manager und Bereichsleiter der Wackler Group. Das Programm besteht aus mehreren Modulen, die innerhalb von zwei Jahren absolviert werden. Mit den Trainingsschwerpunkten F\u00fchren, Selbstorganisation und Kundenmanagement [&hellip;]<\/p>\n","protected":false},"featured_media":1530,"template":"","meta":{"_acf_changed":false},"news-category":[10],"class_list":["post-1314","news","type-news","status-publish","has-post-thumbnail","hentry","news-category-news"],"acf":[],"ase":null,"_links":{"self":[{"href":"https:\/\/www.wackler-group.de\/karriere\/wp-json\/wp\/v2\/news\/1314","targetHints":{"allow":["GET"]}}],"collection":[{"href":"https:\/\/www.wackler-group.de\/karriere\/wp-json\/wp\/v2\/news"}],"about":[{"href":"https:\/\/www.wackler-group.de\/karriere\/wp-json\/wp\/v2\/types\/news"}],"wp:featuredmedia":[{"embeddable":true,"href":"https:\/\/www.wackler-group.de\/karriere\/wp-json\/wp\/v2\/media\/1530"}],"wp:attachment":[{"href":"https:\/\/www.wackler-group.de\/karriere\/wp-json\/wp\/v2\/media?parent=1314"}],"wp:term":[{"taxonomy":"news-category","embeddable":true,"href":"https:\/\/www.wackler-group.de\/karriere\/wp-json\/wp\/v2\/news-category?post=1314"}],"curies":[{"name":"wp","href":"https:\/\/api.w.org\/{rel}","templated":true}]}}