{"id":1342,"date":"2020-05-22T00:00:00","date_gmt":"2020-05-21T22:00:00","guid":{"rendered":"https:\/\/www.wackler-group.de\/holding\/wissen-hub\/orden-merite-europeen-an-friedrich-p-wackler\/"},"modified":"2026-08-18T14:43:23","modified_gmt":"2026-08-18T14:43:23","slug":"orden-merite-europeen-an-friedrich-p-wackler","status":"publish","type":"news","link":"https:\/\/www.wackler-group.de\/holding\/wissen-hub\/orden-merite-europeen-an-friedrich-p-wackler\/","title":{"rendered":"Orden \u201eM\u00e9rite Europ\u00e9en\u201c an Friedrich P. Wackler"},"content":{"rendered":"\n<p class=\"wp-block-paragraph\"><strong>Friedrich P. Wackler, Alleingesellschafter und Aufsichtsratsvorsitzende von Wackler, eines der f\u00fchrenden <a href=\"\/facility-management\/\">Facility-Management-Unternehmen<\/a> Deutschlands, wurde von der Luxemburger Stiftung Fondation du M\u00e9rite Europ\u00e9en mit dem Orden \u201eM\u00e9rite Europ\u00e9en\u201c in Silber ausgezeichnet. Die Verleihung fand coronabedingt nicht wie \u00fcblich bei einem Festakt, sondern im kleinen Kreis in der Hauptzentrale des Unternehmens in M\u00fcnchen statt. \u00dcber Videoschaltung gratulierte die Generalsekret\u00e4rin der Stiftung Ingeborg Smith auch im Namen des Pr\u00e4sidenten der Europ\u00e4ischen Kommission, Jaques Santer, Friedrich P. Wackler f\u00fcr sein europ\u00e4isches Wirken im Sinne der Stiftung. Nach der \u00dcberreichung der Ordensinsignien durch Rolf von Hohenau, Ordenstr\u00e4ger und Pr\u00e4sident des Europ\u00e4ischen Steuerzahlerbundes hielt Dr. Ingo Friedrich, Pr\u00e4sident des Europ\u00e4ischen Wirtschaftsrates die Laudatio.<\/strong><\/p>\n\n\n\n<p class=\"wp-block-paragraph\">\u201eEuropa wollen&nbsp;\u2013 seine Probleme erkennen \u2013 f\u00fcr seine Verwirklichung handeln\u201c, dieses Motto der Fondation du M\u00e9rite Europ\u00e9en war auch f\u00fcr Friedrich P. Wackler immer Ma\u00dfstab f\u00fcr sein unternehmerisches Handeln. In seiner Rede bezeichnete Dr. Ingo Friedrich den M\u00fcnchener Unternehmer als eine europ\u00e4isch denkende und handelnde Pers\u00f6nlichkeit, einen europ\u00e4ischen Gentleman vom Scheitel bis zur Sohle. Der Orden w\u00fcrde nur besonders einsatzbereiten B\u00fcrgen verliehen, die Ansporn und Vorbild daf\u00fcr seien, dass es sich lohne, seri\u00f6s und beherzt f\u00fcr seine Sache einzutreten, dass es sich lohne \u00ad\u2013 heute wichtiger denn je \u00ad\u2013 f\u00fcr beides einzutreten, f\u00fcr die eigene Nation und f\u00fcr ein friedliches Europa. Friedrich P. Wackler bedankte sich bei der Stiftung und betonte, dass der Mensch seit 111 Jahren Firmengeschichte immer im Mittelpunkt stehe. Er sei stolz auf die kulturelle Vielfalt der Belegschaft, die aus allen 27 L\u00e4ndern der Europ\u00e4ischen Union und insgesamt aus 94 L\u00e4ndern der Welt stamme, und bei der das Wort \u201eIntegration\u201c keine H\u00fclse sei, sondern gelebt werde. Auch mit den Partnerfirmen in \u00d6sterreich, Italien und Ungarn habe er immer sein M\u00f6glichstes getan, um gemeinsame wirtschaftliche Ziele \u2013 ganz im europ\u00e4ischen Sinne \u2013 zu f\u00f6rdern. In den letzten zehn Jahren sei das Thema Klima und Klimawandel zu einem ebenfalls wichtigen Element der Unternehmenspolitik geworden. Um die schlimmsten Folgen des Klimawandels abzuwenden, sei es die Pflicht aller alles daf\u00fcr zu tun, das Ziel Europas und Deutschlands zu erreichen, n\u00e4mlich die Erderw\u00e4rmung auf unter zwei Grad zu begrenzen. Das Unternehmen habe in den letzten 10 Jahren ein umfangreiches Ma\u00dfnahmenpaket geschn\u00fcrt, um den CO<sub>2<\/sub>-Ausstoss zu reduzieren \u2013 und sein Ziel klimaneutral zu sein, in 2018 auch erreicht. Neben des Ordens \u201eM\u00e9rite Europ\u00e9en erhielt Friedrich P. Wackler bereits&nbsp;2013 den Verdienstorden der Bundesrepublik Deutschland (Bundesverdienstkreuz).<\/p>\n\n\n\n<figure class=\"wp-block-embed\"><div class=\"wp-block-embed__wrapper\">\nhttps:\/\/www.meriteeuropeen.eu\/index.php\/auszeichnungen\/ehrungen-chronologisch\/2020-friedrich-p-wackler\n<\/div><\/figure>\n\n\n\n<figure class=\"wp-block-image size-full\"><img loading=\"lazy\" decoding=\"async\" width=\"320\" height=\"214\" src=\"https:\/\/www.wackler-group.de\/wp-content\/uploads\/2026\/08\/csm_FINAL_JK_Wackler_Merite_Europeen_0013__2__55bd4aec5f.jpg\" alt=\"\" class=\"wp-image-2160\" srcset=\"https:\/\/www.wackler-group.de\/wp-content\/uploads\/2026\/08\/csm_FINAL_JK_Wackler_Merite_Europeen_0013__2__55bd4aec5f.jpg 320w, https:\/\/www.wackler-group.de\/wp-content\/uploads\/2026\/08\/csm_FINAL_JK_Wackler_Merite_Europeen_0013__2__55bd4aec5f-300x201.jpg 300w\" sizes=\"(max-width: 320px) 100vw, 320px\" \/><\/figure>\n\n\n\n<figure class=\"wp-block-image size-full\"><img loading=\"lazy\" decoding=\"async\" width=\"320\" height=\"214\" src=\"https:\/\/www.wackler-group.de\/wp-content\/uploads\/2026\/08\/csm_FINAL_JK_Wackler_Merite_Europeen_0039__2__1ea626302d.jpg\" alt=\"\" class=\"wp-image-2161\" srcset=\"https:\/\/www.wackler-group.de\/wp-content\/uploads\/2026\/08\/csm_FINAL_JK_Wackler_Merite_Europeen_0039__2__1ea626302d.jpg 320w, https:\/\/www.wackler-group.de\/wp-content\/uploads\/2026\/08\/csm_FINAL_JK_Wackler_Merite_Europeen_0039__2__1ea626302d-300x201.jpg 300w\" sizes=\"(max-width: 320px) 100vw, 320px\" \/><\/figure>\n\n\n\n<figure class=\"wp-block-image size-full\"><img loading=\"lazy\" decoding=\"async\" width=\"320\" height=\"214\" src=\"https:\/\/www.wackler-group.de\/wp-content\/uploads\/2026\/08\/csm_FINAL_JK_Wackler_Merite_Europeen_0100_1__2__4e2fe40e69.jpg\" alt=\"\" class=\"wp-image-2162\" srcset=\"https:\/\/www.wackler-group.de\/wp-content\/uploads\/2026\/08\/csm_FINAL_JK_Wackler_Merite_Europeen_0100_1__2__4e2fe40e69.jpg 320w, https:\/\/www.wackler-group.de\/wp-content\/uploads\/2026\/08\/csm_FINAL_JK_Wackler_Merite_Europeen_0100_1__2__4e2fe40e69-300x201.jpg 300w\" sizes=\"(max-width: 320px) 100vw, 320px\" \/><\/figure>\n","protected":false},"excerpt":{"rendered":"<p>Friedrich P. Wackler, Alleingesellschafter und Aufsichtsratsvorsitzende von Wackler, eines der f\u00fchrenden Facility-Management-Unternehmen Deutschlands, wurde von der Luxemburger Stiftung Fondation du M\u00e9rite Europ\u00e9en mit dem Orden \u201eM\u00e9rite Europ\u00e9en\u201c in Silber ausgezeichnet. Die Verleihung fand coronabedingt nicht wie \u00fcblich bei einem Festakt, sondern im kleinen Kreis in der Hauptzentrale des Unternehmens in M\u00fcnchen statt. \u00dcber Videoschaltung gratulierte [&hellip;]<\/p>\n","protected":false},"featured_media":1530,"template":"","meta":{"_acf_changed":true},"news-category":[38],"class_list":["post-1342","news","type-news","status-publish","has-post-thumbnail","hentry","news-category-news"],"acf":[],"ase":null,"_links":{"self":[{"href":"https:\/\/www.wackler-group.de\/holding\/wp-json\/wp\/v2\/news\/1342","targetHints":{"allow":["GET"]}}],"collection":[{"href":"https:\/\/www.wackler-group.de\/holding\/wp-json\/wp\/v2\/news"}],"about":[{"href":"https:\/\/www.wackler-group.de\/holding\/wp-json\/wp\/v2\/types\/news"}],"wp:attachment":[{"href":"https:\/\/www.wackler-group.de\/holding\/wp-json\/wp\/v2\/media?parent=1342"}],"wp:term":[{"taxonomy":"news-category","embeddable":true,"href":"https:\/\/www.wackler-group.de\/holding\/wp-json\/wp\/v2\/news-category?post=1342"}],"curies":[{"name":"wp","href":"https:\/\/api.w.org\/{rel}","templated":true}]}}