{"id":1341,"date":"2020-07-21T00:00:00","date_gmt":"2020-07-20T22:00:00","guid":{"rendered":"https:\/\/www.wackler-group.de\/holding\/wissen-hub\/ein-treffen-mit-dem-klimaexperten-prof-mojib-latif\/"},"modified":"2026-08-18T14:42:47","modified_gmt":"2026-08-18T14:42:47","slug":"ein-treffen-mit-dem-klimaexperten-prof-mojib-latif","status":"publish","type":"news","link":"https:\/\/www.wackler-group.de\/holding\/wissen-hub\/ein-treffen-mit-dem-klimaexperten-prof-mojib-latif\/","title":{"rendered":"Ein Treffen mit dem Klimaexperten Prof. Mojib Latif"},"content":{"rendered":"\n<figure class=\"wp-block-image size-full\"><img loading=\"lazy\" decoding=\"async\" width=\"446\" height=\"335\" src=\"https:\/\/www.wackler-group.de\/wp-content\/uploads\/2026\/08\/csm_Blenke-Latif_47a1b79c63.jpg\" alt=\"\" class=\"wp-image-2156\" srcset=\"https:\/\/www.wackler-group.de\/wp-content\/uploads\/2026\/08\/csm_Blenke-Latif_47a1b79c63.jpg 446w, https:\/\/www.wackler-group.de\/wp-content\/uploads\/2026\/08\/csm_Blenke-Latif_47a1b79c63-300x225.jpg 300w\" sizes=\"(max-width: 446px) 100vw, 446px\" \/><\/figure>\n\n\n\n<figcaption>\n\t\t\tPeter Blenke Vorstand\/CEO Wackler (re.) im Gespr\u00e4ch mit Prof. Dr. Mojib Latif, Vorstandsvorsitzender Deutsches Klima-Konsortium und Pr\u00e4sident Deutsche Gesellschaft CLUB OF ROME<br>\n\t\t<\/figcaption>\n\n\n\n<p class=\"wp-block-paragraph\">Am 15. Juli 2020 trafen sich Wackler-Vorstand\/CEO Peter Blenke und Prof. Dr. Mojib Latif, Vorstandsvorsitzender Deutsches Klima-Konsortium und Pr\u00e4sident der Deutschen Gesellschaft <a href=\"https:\/\/clubofrome.org\/\" rel=\"noreferrer noopener\" target=\"_blank\">CLUB OF ROME,<\/a> auf ein Gespr\u00e4ch in Hamburg. Peter Blenke nutzte seinen Urlaubsaufenthalt im Norden Deutschlands auch, um dem renommierten und bekannten Klimaforscher pers\u00f6nlich eines der ersten Exemplare seines Klimabuches \u201eMensch macht Klima!\u201c zu \u00fcberreichen.<\/p>\n\n\n\n<p class=\"wp-block-paragraph\">Prof. Latif betonte bei dem gemeinsamen Gedankenaustausch einmal mehr die Notwendigkeit sich f\u00fcr den <a href=\"\/nachhaltigkeit\/\">Klimaschutz <\/a>einzusetzen. Auch wenn sich in Deutschland der CO<sub>2-<\/sub>Aussto\u00df seit 1990 um 40 Prozent reduziert habe, so sei er weltweit um 60 Prozent gestiegen. Im Kampf gegen den Klimawandel m\u00fcssten als globale Ma\u00dfnahme wirtschaftliche Anreize zur Einsparung von CO<sub>2-<\/sub>Emissionen geschaffen werden. Die europ\u00e4ischen Klimaziele sehen vor, dass 2050 alle Mitgliedstaaten der Union klimaneutral wirtschaften, also netto keine Treibhausgase mehr in die Atmosph\u00e4re aussto\u00dfen. Die schon seit 2005 existierende und 2017 reformierte CO<sub>2<\/sub>-Bepreisung \u2013 also ein Emissionshandel, der darauf abziele, dass Umweltbelastungen direkt von den Verursachern finanziell ausgeglichen werden \u2013 sei hier sicher auch ein wichtiger Baustein, um dies zu erreichen. \u201eKeine Treibhausgase mehr in die Atmosph\u00e4re aussto\u00dfen, bedeutet auch, dass nicht zwingend s\u00e4mtliche Emissionen in allen Sektoren auf null reduziert, jedoch die verbleibenden geringen Restemissionen dann aber unbedingt ausgeglichen werden m\u00fcssen.\u201c, erg\u00e4nzt Peter Blenke. \u201eBei CO\u2082-Emissionen, die sich nach dem derzeitigen Stand der Technik noch nicht oder nur zu sehr hohen Kosten vermeiden lassen, etwa aus der Stahl- und Zementproduktion oder dem Luftverkehr, kann eine CO\u2082-Entnahme aus der Atmosph\u00e4re, wie zum Beispiel durch Aufforstungsma\u00dfnahmen und Negativemissions-Technologien, helfen, Klimaneutralit\u00e4t fr\u00fcher zu erreichen.\u201c Jedoch das heutige Emissionsniveau hierdurch einfach ausgleichen zu wollen, sei weder sinnvoll noch realistisch. Drastische Emissionsminderungen seien also weiterhin notwendig, allein schon aufgrund des Vorsorgeprinzips. Peter Blenke bedankte sich bei dem Hamburger Klimaforscher auch f\u00fcr seine fachliche Unterst\u00fctzung beim Entstehen des Buches. \u201eHerr Prof. Latif sieht die Grenzen des Wachstums und warnt seit Jahrzehnten vor dem Kollaps der Erde.\u201c so Peter Blenke nach dem Gespr\u00e4ch.&nbsp;<\/p>\n","protected":false},"excerpt":{"rendered":"<p>Peter Blenke Vorstand\/CEO Wackler (re.) im Gespr\u00e4ch mit Prof. Dr. Mojib Latif, Vorstandsvorsitzender Deutsches Klima-Konsortium und Pr\u00e4sident Deutsche Gesellschaft CLUB OF ROME Am 15. Juli 2020 trafen sich Wackler-Vorstand\/CEO Peter Blenke und Prof. Dr. Mojib Latif, Vorstandsvorsitzender Deutsches Klima-Konsortium und Pr\u00e4sident der Deutschen Gesellschaft CLUB OF ROME, auf ein Gespr\u00e4ch in Hamburg. Peter Blenke nutzte [&hellip;]<\/p>\n","protected":false},"featured_media":1530,"template":"","meta":{"_acf_changed":true},"news-category":[38],"class_list":["post-1341","news","type-news","status-publish","has-post-thumbnail","hentry","news-category-news"],"acf":[],"ase":null,"_links":{"self":[{"href":"https:\/\/www.wackler-group.de\/holding\/wp-json\/wp\/v2\/news\/1341","targetHints":{"allow":["GET"]}}],"collection":[{"href":"https:\/\/www.wackler-group.de\/holding\/wp-json\/wp\/v2\/news"}],"about":[{"href":"https:\/\/www.wackler-group.de\/holding\/wp-json\/wp\/v2\/types\/news"}],"wp:attachment":[{"href":"https:\/\/www.wackler-group.de\/holding\/wp-json\/wp\/v2\/media?parent=1341"}],"wp:term":[{"taxonomy":"news-category","embeddable":true,"href":"https:\/\/www.wackler-group.de\/holding\/wp-json\/wp\/v2\/news-category?post=1341"}],"curies":[{"name":"wp","href":"https:\/\/api.w.org\/{rel}","templated":true}]}}