{"id":1337,"date":"2020-10-13T00:00:00","date_gmt":"2020-10-12T22:00:00","guid":{"rendered":"https:\/\/www.wackler-group.de\/holding\/wissen-hub\/ist-nachhaltigkeit-utopisch\/"},"modified":"2026-08-18T14:40:57","modified_gmt":"2026-08-18T14:40:57","slug":"ist-nachhaltigkeit-utopisch","status":"publish","type":"news","link":"https:\/\/www.wackler-group.de\/holding\/wissen-hub\/ist-nachhaltigkeit-utopisch\/","title":{"rendered":"\u201eIst Nachhaltigkeit utopisch?\u201c (Der neue Bericht an den CLUB OF ROME)"},"content":{"rendered":"\n<h2 class=\"wp-block-heading\">\n                    \u201eIst Nachhaltigkeit utopisch?\u201c (Der neue Bericht an den CLUB OF ROME)<br>\n                <\/h2>\n\n\n\n<h3 class=\"wp-block-heading\">\n\t\t\t\tWackler-Vorstand Peter Blenke und ConClimate Gesch\u00e4ftsf\u00fchrer Dr. Christian Reisinger im Gespr\u00e4ch mit Prof. Christian Berg<br>\n\t\t\t<\/h3>\n\n\n\n<figure class=\"wp-block-image size-full\"><img loading=\"lazy\" decoding=\"async\" width=\"700\" height=\"934\" src=\"https:\/\/www.wackler-group.de\/wp-content\/uploads\/2026\/08\/csm_berg_01_504b85ddc5.jpg\" alt=\"\" class=\"wp-image-2142\" srcset=\"https:\/\/www.wackler-group.de\/wp-content\/uploads\/2026\/08\/csm_berg_01_504b85ddc5.jpg 700w, https:\/\/www.wackler-group.de\/wp-content\/uploads\/2026\/08\/csm_berg_01_504b85ddc5-300x400.jpg 300w, https:\/\/www.wackler-group.de\/wp-content\/uploads\/2026\/08\/csm_berg_01_504b85ddc5-664x886.jpg 664w\" sizes=\"(max-width: 700px) 100vw, 700px\" \/><\/figure>\n\n\n\n<figcaption>\n\t\t\tProf. Christian Berg, Nachhaltigkeits-Experte und Autor des neuen Berichts an den CLUB OF ROME<br>\n\t\t<\/figcaption>\n\n\n\n<figure class=\"wp-block-image size-full\"><img loading=\"lazy\" decoding=\"async\" width=\"700\" height=\"547\" src=\"https:\/\/www.wackler-group.de\/wp-content\/uploads\/2026\/08\/csm_blenke_f94be8db0e.jpg\" alt=\"\" class=\"wp-image-2143\" srcset=\"https:\/\/www.wackler-group.de\/wp-content\/uploads\/2026\/08\/csm_blenke_f94be8db0e.jpg 700w, https:\/\/www.wackler-group.de\/wp-content\/uploads\/2026\/08\/csm_blenke_f94be8db0e-300x234.jpg 300w, https:\/\/www.wackler-group.de\/wp-content\/uploads\/2026\/08\/csm_blenke_f94be8db0e-664x519.jpg 664w\" sizes=\"(max-width: 700px) 100vw, 700px\" \/><\/figure>\n\n\n\n<figcaption>\n\t\t\tVorstand\/CEO Peter Blenke<br>\n\t\t<\/figcaption>\n\n\n\n<figure class=\"wp-block-image size-full\"><img loading=\"lazy\" decoding=\"async\" width=\"700\" height=\"547\" src=\"https:\/\/www.wackler-group.de\/wp-content\/uploads\/2026\/08\/csm_reisinger_7dc10db0a3.jpg\" alt=\"\" class=\"wp-image-2144\" srcset=\"https:\/\/www.wackler-group.de\/wp-content\/uploads\/2026\/08\/csm_reisinger_7dc10db0a3.jpg 700w, https:\/\/www.wackler-group.de\/wp-content\/uploads\/2026\/08\/csm_reisinger_7dc10db0a3-300x234.jpg 300w, https:\/\/www.wackler-group.de\/wp-content\/uploads\/2026\/08\/csm_reisinger_7dc10db0a3-664x519.jpg 664w\" sizes=\"(max-width: 700px) 100vw, 700px\" \/><\/figure>\n\n\n\n<figcaption>\n\t\t\tConClimate Gesch\u00e4ftsf\u00fchrer Dr. Christian Reisinger<br>\n\t\t<\/figcaption>\n\n\n\n<p class=\"wp-block-paragraph\"><strong>Peter Blenke:<\/strong> Herr Prof. Berg &#8211; ich freue mich \u00fcber die M\u00f6glichkeit, dass wir uns gemeinsam mit Dr. Christian Reisinger, dem Gesch\u00e4ftsf\u00fchrer unserer neuen Tochtergesellschaft <em>ConClimate<\/em>, \u00fcber Ihr neues Buch \u201eIst Nachhaltigkeit utopisch?&#8220; unterhalten k\u00f6nnen.<\/p>\n\n\n\n<p class=\"wp-block-paragraph\"><strong>Prof. Christian Berg:<\/strong> Die Freude ist ganz meinerseits!<\/p>\n\n\n\n<p class=\"wp-block-paragraph\"><strong>Peter Blenke: <\/strong>Herr Prof. Berg, in den letzten Jahren verdichtet sich die Erkenntnis, dass durch den Klimawandel die Stabilit\u00e4t und Resilienz unseres Planeten akut in Gefahr ist. Wenn man heute die Zeitung aufschl\u00e4gt, treten die d\u00fcsteren Botschaften zum Klimawandel immer deutlicher in den Vordergrund. Es werden ja weltweit z. B. immer noch neue Kohlekraftwerke gebaut, obwohl wir wissen, dass dies die klimasch\u00e4dlichste Form der Energiegewinnung \u00fcberhaupt ist &#8211; und uns die Zeit, hier gegenzusteuern, eindeutig davon l\u00e4uft. Ist das nicht frustrierend?<\/p>\n\n\n\n<p class=\"wp-block-paragraph\"><strong>Prof. Christian Berg: <\/strong>Das kann durchaus der Fall sein. So wichtig es ist, auf die Dringlichkeit gerade des Themas Klimawandel hinzuweisen, d\u00fcrfen wir die Menschen andererseits nicht frustrieren. Denn das ist ja die spannende Frage, die ich auch in meinem Buch thematisiere: Wie bekommen wir die Menschen ins Handeln \u2013 und zwar in die richtige Richtung? Ich versuche das in meinem Buch damit zu beantworten, dass ich Handlungsprinzipien aufstelle und sage: Jeder kann was tun, egal wo er oder sie steht. Wenn man den Blick auf die Welt insgesamt legt, muss man nat\u00fcrlich sagen: das, was wir in Deutschland ver\u00e4ndern k\u00f6nnen, ist global gesehen nur ein sehr, sehr kleiner Teil. Das entbindet uns nicht von der Verantwortung. Allerdings kann es schnell frustrieren, zu sehen, was andernorts &#8222;rausgehauen&#8220; wird an CO<sub>2<\/sub>.<\/p>\n\n\n\n<p class=\"wp-block-paragraph\"><strong>Peter Blenke: <\/strong>Vor dem Hintergrund dieser Szenarien frage ich mich manchmal, ob wir den Klimawandel \u00fcberhaupt noch aufhalten k\u00f6nnen. Was ist Ihre Meinung dazu?<\/p>\n\n\n\n<p class=\"wp-block-paragraph\"><strong>Prof. Christian Berg: <\/strong>Wenn Sie mich fragen, m\u00fcssen wir uns nat\u00fcrlich auch auf die Ver\u00e4nderung des Klimas ein St\u00fcck weit einstellen. Im Umgang mit dem Klimawandel unterscheidet man h\u00e4ufig zwischen drei Handlungsbereichen: Erstens der Vermeidung und Reduktion von CO<sub>2<\/sub>-Emissionen, zweitens der Anpassung an den Klimawandel, und drittens dem \u201eClimate Engineering\u201c &#8211; also der Frage, ob wir nicht irgendwann selbst in das Klima aktiv eingreifen m\u00fcssen, um dieses zu unseren Gunsten zu ver\u00e4ndern. Gerade der letzte Punkt ist ein extrem heikles Thema, denn wir haben oft genug in der Vergangenheit festgestellt, dass die besten Absichten und die besten Projekte das Gegenteil von dem erreicht haben was sie wollten. Und gerade hier m\u00fcssen wir extrem vorsichtig sein, denn wir haben nur einen einzigen Versuch. Trotzdem glaube ich, dass wir auf lange Sicht wahrscheinlich gar nicht darum herum kommen werden, auch hier \u00fcber Ma\u00dfnahmen nachzudenken &#8211; aber das ist eher im Zeithorizont von Jahrzehnten oder Jahrhunderten relevant. Aber nochmal konkret zur\u00fcck zu Ihrer Frage, ob wir unsere Klimaziele noch erreichen k\u00f6nnen: Hans Joachim Schellnhuber, der Gr\u00fcnder und langj\u00e4hrige Direktor des Potsdam-Instituts f\u00fcr Klimafolgenforschung (PIK), hat k\u00fcrzlich die Chance, dass wir die Ziele des Pariser Abkommens noch erreichen, auf 10% eingesch\u00e4tzt. Das ist nicht viel &#8211; trotzdem d\u00fcrfen wir uns davon nicht entmutigen lassen und tun, was wir tun k\u00f6nnen. Im Sinne Luthers: &#8222;Wenn die Welt morgen untergeht, pflanze ich heute noch ein B\u00e4umchen.&#8220; Diesen Spirit &#8211; den d\u00fcrfen wir nicht verlieren, denn sonst haben wir schon verloren.<\/p>\n\n\n\n<p class=\"wp-block-paragraph\"><strong>Peter Blenke: <\/strong>Ja, das erleben wir aus meiner Sicht auch gerade bei der jungen Generation, die teilweise extrem konsequent handelt und uns das Thema Klimaschutz vorlebt. Aber vielleicht untersch\u00e4tzen wir auch insgesamt die Bereitschaft der Bev\u00f6lkerung zur Ver\u00e4nderung. Wir haben k\u00fcrzlich unsere Mitarbeiter befragt, wer bereit w\u00e4re, f\u00fcr den Klimaschutz auch pers\u00f6nliche Einschr\u00e4nkungen in Kauf zu nehmen und eigene Verhaltensweisen zu \u00e4ndern. Mit einem \u00fcberraschenden Ergebnis: Fast 80% der Mitarbeiter w\u00e4ren dazu bereit. Das h\u00e4tten wir in dem Ausma\u00df nicht erwartet. Die Frage ist aber: was kann jeder Einzelne konkret tun? Wo w\u00fcrden Sie konkret ansetzen?<\/p>\n\n\n\n<p class=\"wp-block-paragraph\"><strong>Prof. Christian Berg: <\/strong>Wichtig ist, dass wir ein Verst\u00e4ndnis daf\u00fcr bekommen, wo unsere gr\u00f6\u00dften Hebel sind. Das ist in der Politik so \u2013 das ist aber auch im pers\u00f6nlichen Leben so. Es ist zum Beispiel prima, wenn jemand seine Beleuchtungstechnik zu Hause komplett auf LED umstellt \u2013 aber es w\u00e4re falsch, daraus zu schlussfolgern, dass man danach guten Gewissens zum Shoppen nach New York fliegen kann. Damit w\u00fcrde man die Einsparung \u00fcber Jahre wieder zunichtemachen. Hier k\u00f6nnte man vielleicht tats\u00e4chlich auch eine Tugend aus der Not von Corona machen. Im Moment k\u00f6nnen wir einfach nicht so viel reisen, aber dadurch haben wir die Chance, zu lernen, wie sch\u00f6n unsere Umgebung ist. Das konnten viele diesen Sommer erleben. Nat\u00fcrlich m\u00f6chte man irgendwann auch wieder Fernreisen unternehmen, aber das muss alles in einem sinnvollen Ma\u00df stattfinden. Hier k\u00f6nnen wir vielleicht durch Corona lernen und unser Verhalten langfristig anpassen.<\/p>\n\n\n\n<p class=\"wp-block-paragraph\"><strong>Christian Reisinger: <\/strong>Herr Prof. Berg,<strong> <\/strong>Ihr neues Buch ist ein Bericht an den <em><a href=\"https:\/\/clubofrome.org\/\" rel=\"noreferrer noopener\" target=\"_blank\">Club of Rome<\/a><\/em>, dessen deutschem Pr\u00e4sidium Sie angeh\u00f6ren und f\u00fcr den Sie ehrenamtlich t\u00e4tig sind. Der Club of Rome pr\u00e4gt seit 50 Jahren den \u00f6ffentlichen Diskurs zum Thema Nachhaltigkeit wie kaum eine andere Institution. Hilft Ihnen das auch heute noch, mit Ihren Botschaften Geh\u00f6r bei Entscheidungstr\u00e4gern zu finden?<\/p>\n\n\n\n<p class=\"wp-block-paragraph\"><strong>Prof. Christian Berg:<\/strong> Ja, oft hilft es ganz bestimmt. Allerdings stellen wir fest, dass gerade die j\u00fcngeren Menschen mit dem Club of Rome gar nicht mehr viel verbinden. Aber mit dem Club of Rome ist es wie mit anderen Institutionen: wenn es sie nicht g\u00e4be, m\u00fcsste man sie erfinden. Denn unter seinem Dach finden sich Menschen aus ganz unterschiedlichen Bereichen der Gesellschaft \u2013 Wissenschaft, Wirtschaft, Politik, NGOs und viele andere mehr \u2013 zusammen, um gemeinsam \u00fcber die gro\u00dfen Zukunftsfragen nachzudenken.<\/p>\n\n\n\n<p class=\"wp-block-paragraph\"><strong>Peter Blenke:<\/strong> Herr Berg, vielen Dank f\u00fcr das Gespr\u00e4ch!<\/p>\n\n\n\n<p class=\"wp-block-paragraph\"><em>Das vollst\u00e4ndige Interview mit Prof. Berg mit ConClimate Gesch\u00e4ftsf\u00fchrer Dr. Christian Reisinger finden Sie <strong><a href=\"https:\/\/www.conclimate.de\/news\/detail\/ist-nachhaltigkeit-utopisch\" rel=\"noreferrer noopener\" target=\"_blank\" title=\"Experten-Gespr\u00e4che ConClimate GmbH\">HIER<\/a>.<\/strong><\/em><\/p>\n","protected":false},"excerpt":{"rendered":"<p>\u201eIst Nachhaltigkeit utopisch?\u201c (Der neue Bericht an den CLUB OF ROME) Wackler-Vorstand Peter Blenke und ConClimate Gesch\u00e4ftsf\u00fchrer Dr. Christian Reisinger im Gespr\u00e4ch mit Prof. Christian Berg Prof. Christian Berg, Nachhaltigkeits-Experte und Autor des neuen Berichts an den CLUB OF ROME Vorstand\/CEO Peter Blenke ConClimate Gesch\u00e4ftsf\u00fchrer Dr. Christian Reisinger Peter Blenke: Herr Prof. Berg &#8211; ich [&hellip;]<\/p>\n","protected":false},"featured_media":1530,"template":"","meta":{"_acf_changed":true},"news-category":[38],"class_list":["post-1337","news","type-news","status-publish","has-post-thumbnail","hentry","news-category-news"],"acf":[],"ase":null,"_links":{"self":[{"href":"https:\/\/www.wackler-group.de\/holding\/wp-json\/wp\/v2\/news\/1337","targetHints":{"allow":["GET"]}}],"collection":[{"href":"https:\/\/www.wackler-group.de\/holding\/wp-json\/wp\/v2\/news"}],"about":[{"href":"https:\/\/www.wackler-group.de\/holding\/wp-json\/wp\/v2\/types\/news"}],"wp:attachment":[{"href":"https:\/\/www.wackler-group.de\/holding\/wp-json\/wp\/v2\/media?parent=1337"}],"wp:term":[{"taxonomy":"news-category","embeddable":true,"href":"https:\/\/www.wackler-group.de\/holding\/wp-json\/wp\/v2\/news-category?post=1337"}],"curies":[{"name":"wp","href":"https:\/\/api.w.org\/{rel}","templated":true}]}}