{"id":1327,"date":"2021-10-07T00:00:00","date_gmt":"2021-10-06T22:00:00","guid":{"rendered":"https:\/\/www.wackler-group.de\/holding\/wissen-hub\/ceo-peter-blenke-in-den-baum-beirat-berufen\/"},"modified":"2026-08-18T14:35:45","modified_gmt":"2026-08-18T14:35:45","slug":"ceo-peter-blenke-in-den-baum-beirat-berufen","status":"publish","type":"news","link":"https:\/\/www.wackler-group.de\/holding\/wissen-hub\/ceo-peter-blenke-in-den-baum-beirat-berufen\/","title":{"rendered":"Wackler Vorstand\/CEO Peter Blenke in den B.A.U.M.-Beirat berufen"},"content":{"rendered":"\n<figure class=\"wp-block-image size-full\"><img loading=\"lazy\" decoding=\"async\" width=\"700\" height=\"356\" src=\"https:\/\/www.wackler-group.de\/wp-content\/uploads\/2026\/08\/csm_BAUM_logo_d6de712795.jpg\" alt=\"B.A.U.M Logo\" class=\"wp-image-2104\" srcset=\"https:\/\/www.wackler-group.de\/wp-content\/uploads\/2026\/08\/csm_BAUM_logo_d6de712795.jpg 700w, https:\/\/www.wackler-group.de\/wp-content\/uploads\/2026\/08\/csm_BAUM_logo_d6de712795-300x153.jpg 300w, https:\/\/www.wackler-group.de\/wp-content\/uploads\/2026\/08\/csm_BAUM_logo_d6de712795-664x338.jpg 664w\" sizes=\"(max-width: 700px) 100vw, 700px\" \/><\/figure>\n\n\n\n<p class=\"wp-block-paragraph\"><strong>Peter Blenke, Vorstand\/CEO der Wackler Holding SE, M\u00fcnchen, eines der f\u00fchrenden Facility-Management-Unternehmens Deutschlands, wurde Anfang Oktober 2021 zum Mitglied des Beirates des Bundesdeutschen Arbeitskreises f\u00fcr Umweltbewusstes Management e.V.&nbsp; (B.A.U.M.) in Hamburg berufen. <\/strong><\/p>\n\n\n\n<p class=\"wp-block-paragraph\">Ziel von B.A.U.M. ist es, Unternehmen, Kommunen und Organisationen f\u00fcr die Themen des vorsorgenden Umweltschutzes sowie des nachhaltigen Wirtschaftens zu sensibilisieren und sie bei der Umsetzung von Ma\u00dfnahmen im Rahmen ihrer Corporate Social Responsibility (CSR) zu unterst\u00fctzen.&nbsp;Der Arbeitskreis ist ein Unternehmensnetzwerk mit rund 700 Teilnehmern. Neben vielen Unternehmen nutzen auch Verb\u00e4nde und Institutionen die Plattform zum aktiven und praxisorientierten Informations- und Erfahrungsaustausch sowie den Aufbau und die Pflege vielf\u00e4ltiger nationaler und internationaler Kontakte in Wirtschaft, Wissenschaft, Verb\u00e4nden, Politik und Medien.<\/p>\n\n\n\n<p class=\"wp-block-paragraph\">Die Berufung zum Beiratsmitglied erfolgte unter anderem aufgrund des gro\u00dfen Klimaengagements Peter Blenkes, privat, wie auch als Vorstand\/CEO von Wackler. Das Unternehmen erreichte bereits 2018 seine <a href=\"\/nachhaltigkeit\/\">Klimaneutralit\u00e4t<\/a>, als erstes unter den f\u00fchrenden Geb\u00e4udedienstleistern. \u201eIch freue mich \u00fcber die Berufung und \u00fcber die Zusammenarbeit mit den anderen Beiratsmitgliedern, die aus den unterschiedlichsten Bereichen kommen\u201c, so Peter Blenke. \u201eGerade hinsichtlich der Herausforderungen, die uns der Klimawandel in Zukunft stellen wird, w\u00fcnsche und hoffe ich, dass wir gemeinsam konstruktive und zielorientierte und vor allen f\u00fcr Unternehmen umsetzbare L\u00f6sungen und Anregungen finden werden.\u201c&nbsp;<\/p>\n","protected":false},"excerpt":{"rendered":"<p>Peter Blenke, Vorstand\/CEO der Wackler Holding SE, M\u00fcnchen, eines der f\u00fchrenden Facility-Management-Unternehmens Deutschlands, wurde Anfang Oktober 2021 zum Mitglied des Beirates des Bundesdeutschen Arbeitskreises f\u00fcr Umweltbewusstes Management e.V.&nbsp; (B.A.U.M.) in Hamburg berufen. Ziel von B.A.U.M. ist es, Unternehmen, Kommunen und Organisationen f\u00fcr die Themen des vorsorgenden Umweltschutzes sowie des nachhaltigen Wirtschaftens zu sensibilisieren und sie [&hellip;]<\/p>\n","protected":false},"featured_media":1530,"template":"","meta":{"_acf_changed":true},"news-category":[38],"class_list":["post-1327","news","type-news","status-publish","has-post-thumbnail","hentry","news-category-news"],"acf":[],"ase":null,"_links":{"self":[{"href":"https:\/\/www.wackler-group.de\/holding\/wp-json\/wp\/v2\/news\/1327","targetHints":{"allow":["GET"]}}],"collection":[{"href":"https:\/\/www.wackler-group.de\/holding\/wp-json\/wp\/v2\/news"}],"about":[{"href":"https:\/\/www.wackler-group.de\/holding\/wp-json\/wp\/v2\/types\/news"}],"wp:attachment":[{"href":"https:\/\/www.wackler-group.de\/holding\/wp-json\/wp\/v2\/media?parent=1327"}],"wp:term":[{"taxonomy":"news-category","embeddable":true,"href":"https:\/\/www.wackler-group.de\/holding\/wp-json\/wp\/v2\/news-category?post=1327"}],"curies":[{"name":"wp","href":"https:\/\/api.w.org\/{rel}","templated":true}]}}