{"id":1319,"date":"2022-07-05T00:00:00","date_gmt":"2022-07-04T22:00:00","guid":{"rendered":"https:\/\/www.wackler-group.de\/holding\/wissen-hub\/peter-blenke-erhaelt-begehrten-umwelt-und-nachhaltigkeitspreis\/"},"modified":"2026-08-18T14:32:35","modified_gmt":"2026-08-18T14:32:35","slug":"peter-blenke-erhaelt-begehrten-umwelt-und-nachhaltigkeitspreis","status":"publish","type":"news","link":"https:\/\/www.wackler-group.de\/holding\/wissen-hub\/peter-blenke-erhaelt-begehrten-umwelt-und-nachhaltigkeitspreis\/","title":{"rendered":"Peter Blenke erh\u00e4lt begehrten Umwelt- und Nachhaltigkeitspreis"},"content":{"rendered":"\n<figure class=\"wp-block-image size-full\"><img loading=\"lazy\" decoding=\"async\" width=\"700\" height=\"930\" src=\"https:\/\/www.wackler-group.de\/wp-content\/uploads\/2026\/08\/csm_Peter-Blenke-erhaelt-Nachhaltigkeitspreis_c7945c0f02.jpg\" alt=\"Peter Blenke, Vorstand\/CEO Wackler Holding SE\" class=\"wp-image-2092\" srcset=\"https:\/\/www.wackler-group.de\/wp-content\/uploads\/2026\/08\/csm_Peter-Blenke-erhaelt-Nachhaltigkeitspreis_c7945c0f02.jpg 700w, https:\/\/www.wackler-group.de\/wp-content\/uploads\/2026\/08\/csm_Peter-Blenke-erhaelt-Nachhaltigkeitspreis_c7945c0f02-300x399.jpg 300w, https:\/\/www.wackler-group.de\/wp-content\/uploads\/2026\/08\/csm_Peter-Blenke-erhaelt-Nachhaltigkeitspreis_c7945c0f02-664x882.jpg 664w\" sizes=\"(max-width: 700px) 100vw, 700px\" \/><\/figure>\n\n\n\n<p class=\"wp-block-paragraph\"><\/p>\n\n\n\n<p class=\"wp-block-paragraph\"><strong>F\u00fcr sein jahrzehntelanges Umwelt-Engagement und seinen transformativen Einfluss in der Branche wurde Peter Blenke, Vorstand\/CEO der Wackler Holding, mit dem begehrten B.A.U.M Umwelt- und Nachhaltigkeitspreis in der Kategorie Gro\u00dfunternehmen ausgezeichnet. <\/strong><\/p>\n\n\n\n<p class=\"wp-block-paragraph\"><strong>Die Auszeichnung spiegelt den Wandel der Facility Management-Branche wider, den der Vorstand der Wackler Holding ma\u00dfgeblich vorantreibt.<\/strong><\/p>\n\n\n\n<p class=\"wp-block-paragraph\">Mit dem <a href=\"\/nachhaltigkeit\/#c2534\">B.A.U.M.<\/a> | Umwelt- und Nachhaltigkeitspreis zeichnet B.A.U.M. ganz bewusst engagierte Einzelpersonen und nicht Organisationen aus. Dabei sind unternehmerisches und privates Handeln entscheidend f\u00fcr die Transformation zu einer nachhaltigen Gesellschaft und Wirtschaft.<\/p>\n\n\n\n<p class=\"wp-block-paragraph\">&#8222;Die gro\u00dfe Transformation ist eine Herausforderung f\u00fcr Politik und Wirtschaft gleicherma\u00dfen und bietet gro\u00dfe Zukunftschancen. Herk\u00f6mmliche Strukturen kommen auf den Pr\u00fcfstand, das Neue wird nicht nur denkbar, sondern auch machbar. Die B.A.U.M.-Preistr\u00e4gerinnen und -Preistr\u00e4ger stehen beispielhaft f\u00fcr neues Denken und Handeln. Ich danke der Jury, die aus einer Vielzahl von Nominierten beeindruckende Pers\u00f6nlichkeiten ausgew\u00e4hlt hat&#8220;, so die B.A.U.M.-Vorsitzende Yvonne Zwick.<\/p>\n\n\n\n<h2 class=\"wp-block-heading\">\n                    Peter Blenke, Vorstand\/CEO der Wackler Holding SE ist Preistr\u00e4ger in der Kategorie &#8222;Gro\u00dfunternehmen&#8220;<br>\n                <\/h2>\n\n\n\n<p class=\"wp-block-paragraph\"><strong>Unter der Leitung von Peter Blenke wurde Wackler 2018 als erstes Unternehmen der Facility-Management-Branche klimaneutral. Mit seinem Reinigungskonzept GREEN CLEAN ber\u00fccksichtigt Wackler zudem Nachhaltigkeit umfassend in allen Facetten und f\u00f6rdert Klima- und Ressourcenschutz auch bei seinen Kundinnen und Kunden.<\/strong><\/p>\n\n\n\n<p class=\"wp-block-paragraph\">Der Jury unter Vorsitz von Martin Oldeland, stellvertretender Vorsitzender von B.A.U.M., geh\u00f6ren 28 Nachhaltigkeitsexpertinnen und -experten aus Wirtschaft, Wissenschaft und Politik an, darunter B.A.U.M.-Preistr\u00e4gerinnen und -Preistr\u00e4ger fr\u00fcherer Jahre. Der Preis wurde 1993 ins Leben gerufen, um vor allem Vorbilder und die Arbeit der &#8222;Macherinnen und Macher&#8220; in Unternehmen und Institutionen, die Arbeit derer, die das Umwelt- und Nachhaltigkeitsmanagement verantworten und operativ umsetzen, anzuerkennen.<\/p>\n\n\n\n<p class=\"wp-block-paragraph\">Der Preis wird 2022 in den genannten f\u00fcnf Kategorien verliehen. Die Verleihung erfolgt am 16. November im Rahmen der B.A.U.M.-Jahrestagung in G\u00fctersloh.<\/p>\n\n\n\n<p class=\"wp-block-paragraph\">Ausf\u00fchrliche Informationen sowie Bildmaterial zu den Preistr\u00e4gerinnen und Preistr\u00e4gern finden Sie unter&nbsp;<a href=\"http:\/\/www.baumev.de\/preistraegerinnen_2022\" rel=\"noreferrer noopener\" target=\"_blank\">www.baumev.de\/preistraegerinnen_2022<\/a> &nbsp;<\/p>\n\n\n\n<p class=\"wp-block-paragraph\">Zur&nbsp;<strong><a href=\"https:\/\/www.wackler-group.de\/fileadmin\/corporate\/news_images\/2022\/05-07-22_Peter_Blenke_erhaelt_Nachhaltigkeitspreis_fuer_Engagement_bei_Wackler.pdf\" target=\"_blank\">kompletten Pressemitteilung<\/a><\/strong>&nbsp;von Wackler. &nbsp;<\/p>\n\n\n\n<p class=\"wp-block-paragraph\"><\/p>\n","protected":false},"excerpt":{"rendered":"<p>F\u00fcr sein jahrzehntelanges Umwelt-Engagement und seinen transformativen Einfluss in der Branche wurde Peter Blenke, Vorstand\/CEO der Wackler Holding, mit dem begehrten B.A.U.M Umwelt- und Nachhaltigkeitspreis in der Kategorie Gro\u00dfunternehmen ausgezeichnet. Die Auszeichnung spiegelt den Wandel der Facility Management-Branche wider, den der Vorstand der Wackler Holding ma\u00dfgeblich vorantreibt. Mit dem B.A.U.M. | Umwelt- und Nachhaltigkeitspreis zeichnet [&hellip;]<\/p>\n","protected":false},"featured_media":1530,"template":"","meta":{"_acf_changed":true},"news-category":[38],"class_list":["post-1319","news","type-news","status-publish","has-post-thumbnail","hentry","news-category-news"],"acf":[],"ase":null,"_links":{"self":[{"href":"https:\/\/www.wackler-group.de\/holding\/wp-json\/wp\/v2\/news\/1319","targetHints":{"allow":["GET"]}}],"collection":[{"href":"https:\/\/www.wackler-group.de\/holding\/wp-json\/wp\/v2\/news"}],"about":[{"href":"https:\/\/www.wackler-group.de\/holding\/wp-json\/wp\/v2\/types\/news"}],"wp:attachment":[{"href":"https:\/\/www.wackler-group.de\/holding\/wp-json\/wp\/v2\/media?parent=1319"}],"wp:term":[{"taxonomy":"news-category","embeddable":true,"href":"https:\/\/www.wackler-group.de\/holding\/wp-json\/wp\/v2\/news-category?post=1319"}],"curies":[{"name":"wp","href":"https:\/\/api.w.org\/{rel}","templated":true}]}}