{"id":1311,"date":"2022-09-14T00:00:00","date_gmt":"2022-09-13T22:00:00","guid":{"rendered":"https:\/\/www.wackler-group.de\/holding\/wissen-hub\/wackler-nominiert-fuer-den-deutschen-nachhaltigkeitspreis\/"},"modified":"2026-08-18T14:28:59","modified_gmt":"2026-08-18T14:28:59","slug":"wackler-nominiert-fuer-den-deutschen-nachhaltigkeitspreis","status":"publish","type":"news","link":"https:\/\/www.wackler-group.de\/holding\/wissen-hub\/wackler-nominiert-fuer-den-deutschen-nachhaltigkeitspreis\/","title":{"rendered":"Wackler nominiert f\u00fcr den Deutschen Nachhaltigkeitspreis"},"content":{"rendered":"\n<p class=\"wp-block-paragraph\">Wackler ist f\u00fcr den Deutschen Nachhaltigkeitspreis in der Kategorie \u201eKlima\u201c nominiert, Europas gr\u00f6\u00dfte Auszeichnung f\u00fcr \u00f6kologisches und soziales Engagement. Wir sind sehr stolz, zu den Nominierten dieser Auszeichnung zu z\u00e4hlen.<\/p>\n\n\n\n<p class=\"wp-block-paragraph\">Der Deutsche Nachhaltigkeitspreis pr\u00e4miert Unternehmen, die Nachhaltigkeit als Teil ihres Gesch\u00e4ftsmodells vorantreiben und mit innovativen Produkten und Dienstleistungen, hohen \u00f6kologischen Standards in der Produktion oder besonderem sozialen Engagement in ihrer Lieferkette wirksame Beitr\u00e4ge zur Transformation leisten.<\/p>\n\n\n\n<p class=\"wp-block-paragraph\">Seit rund 15 Jahren gehen wir konsequent unseren \u201e<a href=\"\/nachhaltigkeit\/\">gr\u00fcnen Weg<\/a>\u201c und sind seit 2018 als erstes Unternehmen der Facility-Management-Branche klimaneutral. Mit unserem nachhaltigen Reinigungskonzept <a href=\"\/gebaeudereinigung\/greenclean\/\">GREEN CLEAN<\/a> bieten wir unseren Kunden einen ganzheitlichen Baustein f\u00fcr ihre CSR-Strategie. Mit unserer Tochter <a href=\"https:\/\/www.conclimate.de\/\" rel=\"noreferrer noopener\" target=\"_blank\">ConClimate<\/a> beraten wir Unternehmen zu Klimaschutz und digitaler Nachhaltigkeit. So geben wir unsere Erfahrungen an andere Unternehmen weiter.<\/p>\n\n\n\n<p class=\"wp-block-paragraph\">Wir freuen uns sehr \u00fcber diese Nominierung, denn sie best\u00e4tigt uns auf unserem Weg und motiviert, auch weiterhin als Vorreiter der Branche in Sachen Nachhaltigkeit voranzugehen und den Wandel der Facility-Management-Branche voranzutreiben.<\/p>\n\n\n\n<p class=\"wp-block-paragraph\">Die Sieger werden im Rahmen der Verleihung des Deutschen Nachhaltigkeitspreises am 2.12.2022 in D\u00fcsseldorf bekanntgegeben.<\/p>\n\n\n\n<h3 class=\"wp-block-heading\">\n                    \u200b\u200b\u200b\u200b\u200b\u200b\u200bDeutscher Nachhaltigkeitspreis<br>\n                <\/h3>\n\n\n\n<p class=\"wp-block-paragraph\">Der <a href=\"https:\/\/www.nachhaltigkeitspreis.de\/\" rel=\"noreferrer noopener\" target=\"_blank\">Deutsche Nachhaltigkeitspreis<\/a> ist die nationale Auszeichnung f\u00fcr Spitzenleistungen der Nachhaltigkeit in Wirtschaft, Kommunen und Forschung. Mit acht Wettbewerben, \u00fcber 1.000 Bewerbungen und 2.000 G\u00e4sten zu den Veranstaltungen ist der Preis der gr\u00f6\u00dfte seiner Art in Europa. Die Auszeichnung wird vergeben von der Stiftung Deutscher Nachhaltigkeitspreis e.V. in Zusammenarbeit mit der Bundesregierung, kommunalen Spitzenverb\u00e4nden, Wirtschaftsvereinigungen, zivilgesellschaftlichen Organisationen und Forschungseinrichtungen. Rahmen f\u00fcr die Verleihung ist der Deutsche Nachhaltigkeitstag in D\u00fcsseldorf, die meistbesuchte j\u00e4hrliche Kommunikationsplattform zu den Themen nachhaltiger Entwicklung.<\/p>\n\n\n\n<figure class=\"wp-block-image size-full\"><img loading=\"lazy\" decoding=\"async\" width=\"1200\" height=\"630\" src=\"https:\/\/www.wackler-group.de\/wp-content\/uploads\/2026\/07\/csm_Deutscher_Nachhaltigkeitspreis_Copyright_Frank_Fendler_9aa2b61e57.jpg\" alt=\"Deutscher Nachhaltigkeitspreis\" class=\"wp-image-1670\" srcset=\"https:\/\/www.wackler-group.de\/wp-content\/uploads\/2026\/07\/csm_Deutscher_Nachhaltigkeitspreis_Copyright_Frank_Fendler_9aa2b61e57.jpg 1200w, https:\/\/www.wackler-group.de\/wp-content\/uploads\/2026\/07\/csm_Deutscher_Nachhaltigkeitspreis_Copyright_Frank_Fendler_9aa2b61e57-300x158.jpg 300w, https:\/\/www.wackler-group.de\/wp-content\/uploads\/2026\/07\/csm_Deutscher_Nachhaltigkeitspreis_Copyright_Frank_Fendler_9aa2b61e57-664x349.jpg 664w\" sizes=\"(max-width: 1200px) 100vw, 1200px\" \/><\/figure>\n\n\n\n<figcaption>\n\t\t\t\u00a9Frank Fendler<br>\n\t\t<\/figcaption>\n","protected":false},"excerpt":{"rendered":"<p>Wackler ist f\u00fcr den Deutschen Nachhaltigkeitspreis in der Kategorie \u201eKlima\u201c nominiert, Europas gr\u00f6\u00dfte Auszeichnung f\u00fcr \u00f6kologisches und soziales Engagement. Wir sind sehr stolz, zu den Nominierten dieser Auszeichnung zu z\u00e4hlen. Der Deutsche Nachhaltigkeitspreis pr\u00e4miert Unternehmen, die Nachhaltigkeit als Teil ihres Gesch\u00e4ftsmodells vorantreiben und mit innovativen Produkten und Dienstleistungen, hohen \u00f6kologischen Standards in der Produktion oder [&hellip;]<\/p>\n","protected":false},"featured_media":1670,"template":"","meta":{"_acf_changed":true},"news-category":[38],"class_list":["post-1311","news","type-news","status-publish","has-post-thumbnail","hentry","news-category-news"],"acf":[],"ase":null,"_links":{"self":[{"href":"https:\/\/www.wackler-group.de\/holding\/wp-json\/wp\/v2\/news\/1311","targetHints":{"allow":["GET"]}}],"collection":[{"href":"https:\/\/www.wackler-group.de\/holding\/wp-json\/wp\/v2\/news"}],"about":[{"href":"https:\/\/www.wackler-group.de\/holding\/wp-json\/wp\/v2\/types\/news"}],"wp:featuredmedia":[{"embeddable":true,"href":"https:\/\/www.wackler-group.de\/holding\/wp-json\/wp\/v2\/media\/1670"}],"wp:attachment":[{"href":"https:\/\/www.wackler-group.de\/holding\/wp-json\/wp\/v2\/media?parent=1311"}],"wp:term":[{"taxonomy":"news-category","embeddable":true,"href":"https:\/\/www.wackler-group.de\/holding\/wp-json\/wp\/v2\/news-category?post=1311"}],"curies":[{"name":"wp","href":"https:\/\/api.w.org\/{rel}","templated":true}]}}