{"id":1306,"date":"2022-11-07T00:00:00","date_gmt":"2022-11-06T23:00:00","guid":{"rendered":"https:\/\/www.wackler-group.de\/holding\/wissen-hub\/ceo-peter-blenke-neues-mitglied-bei-club-of-rome-cor\/"},"modified":"2026-08-18T14:26:33","modified_gmt":"2026-08-18T14:26:33","slug":"ceo-peter-blenke-neues-mitglied-bei-club-of-rome-cor","status":"publish","type":"news","link":"https:\/\/www.wackler-group.de\/holding\/wissen-hub\/ceo-peter-blenke-neues-mitglied-bei-club-of-rome-cor\/","title":{"rendered":"CEO Peter Blenke neues Mitglied bei Club of Rome (COR)"},"content":{"rendered":"\n<p class=\"wp-block-paragraph\">Die <a href=\"https:\/\/clubofrome.de\/mitglieder\/\" rel=\"noreferrer noopener\" target=\"_blank\">Deutsche Gesellschaft Club of Rome<\/a> (COR) hat j\u00fcngst Wackler Vorstand\/CEO Peter Blenke in den Kreis ihrer Mitglieder berufen. Peter Blenke war bereits seit 2020 assoziiertes Mitglied in der gemeinn\u00fctzigen Organisation. Mit der Benennung steht er in einer Reihe mit namhaften Wissenschaftlern und Pers\u00f6nlichkeiten wie Franz-Josef Radermacher, Claudia Kemfert, Ernst Ulrich von Weizs\u00e4cker und COR-Pr\u00e4sident Mojib Latif.<\/p>\n\n\n\n<p class=\"wp-block-paragraph\">Die Organisation versteht sich als multidisziplin\u00e4re Denkfabrik, die sich mit der Frage besch\u00e4ftigt, wie eine lebensf\u00f6rdernde und nachhaltige Zukunft gestaltet sein muss und wie diese erreicht werden kann. Ihre Mitglieder sind Antreiber f\u00fcr neue Ideen zur L\u00f6sung globaler Herausforderungen. Bekannt geworden ist der Club of Rome vor allem durch seinen 1972 ver\u00f6ffentlichten Bericht \u201eDie Grenzen des Wachstums\u201c, der bis heute als einflussreichste Publikation des 20. Jahrhunderts zur drohenden \u00dcberlastung unseres Planeten gilt. Seine Inhalte sind heute relevanter denn je.<\/p>\n\n\n\n<p class=\"wp-block-paragraph\">Seit \u00fcber 15 Jahren besch\u00e4ftigt sich Peter Blenke mit dem Thema Nachhaltigkeit und Klimawandel, sowohl privat als auch von unternehmerischer Seite. Neben vielen Ma\u00dfnahmen zur Reduzierung der CO<sub>2<\/sub>-Emmissionen, unter anderem mit <a href=\"\/gebaeudereinigung\/greenclean\/\" target=\"_blank\">Green Clean<\/a>, f\u00fchrte er die Wackler Group 2018 in die Klimaneutralit\u00e4t. Er schrieb 2020 das Buch: \u201eMensch macht Klima! Was wir zum Klimawandel wissen sollten\u201c und gr\u00fcndete die Tochtergesellschaft ConClimate mit den Leistungen Klima-Management, CSR-Beratung sowie digitale Nachhaltigkeit. Im November wird er den B.A.U.M. Umwelt- und Nachhaltigkeitspreis 2022 in der Kategorie Gro\u00dfunternehmen erhalten. \u201eBesonders freue ich mich darauf, dass ich mit Wissenschaftler*innen, Entscheidungstr\u00e4ger*innen und Vision\u00e4r*innen zusammenarbeiten kann, die sich mit ihrer jeweiligen individuellen Expertise f\u00fcr den Prozess des Wertewandels hin zu einer nachhaltigen Gesellschaft einsetzen\u201c, so Peter Blenke.<\/p>\n\n\n\n<figure class=\"wp-block-image size-full\"><img loading=\"lazy\" decoding=\"async\" width=\"700\" height=\"467\" src=\"https:\/\/www.wackler-group.de\/wp-content\/uploads\/2026\/08\/csm_Peter_Blenke_Mitglied_Club_of_Rome_9c482de7da.jpg\" alt=\"\" class=\"wp-image-2066\" srcset=\"https:\/\/www.wackler-group.de\/wp-content\/uploads\/2026\/08\/csm_Peter_Blenke_Mitglied_Club_of_Rome_9c482de7da.jpg 700w, https:\/\/www.wackler-group.de\/wp-content\/uploads\/2026\/08\/csm_Peter_Blenke_Mitglied_Club_of_Rome_9c482de7da-300x200.jpg 300w, https:\/\/www.wackler-group.de\/wp-content\/uploads\/2026\/08\/csm_Peter_Blenke_Mitglied_Club_of_Rome_9c482de7da-664x443.jpg 664w, https:\/\/www.wackler-group.de\/wp-content\/uploads\/2026\/08\/csm_Peter_Blenke_Mitglied_Club_of_Rome_9c482de7da-652x436.jpg 652w\" sizes=\"(max-width: 700px) 100vw, 700px\" \/><\/figure>\n","protected":false},"excerpt":{"rendered":"<p>Die Deutsche Gesellschaft Club of Rome (COR) hat j\u00fcngst Wackler Vorstand\/CEO Peter Blenke in den Kreis ihrer Mitglieder berufen. Peter Blenke war bereits seit 2020 assoziiertes Mitglied in der gemeinn\u00fctzigen Organisation. Mit der Benennung steht er in einer Reihe mit namhaften Wissenschaftlern und Pers\u00f6nlichkeiten wie Franz-Josef Radermacher, Claudia Kemfert, Ernst Ulrich von Weizs\u00e4cker und COR-Pr\u00e4sident [&hellip;]<\/p>\n","protected":false},"featured_media":1530,"template":"","meta":{"_acf_changed":true},"news-category":[38],"class_list":["post-1306","news","type-news","status-publish","has-post-thumbnail","hentry","news-category-news"],"acf":[],"ase":null,"_links":{"self":[{"href":"https:\/\/www.wackler-group.de\/holding\/wp-json\/wp\/v2\/news\/1306","targetHints":{"allow":["GET"]}}],"collection":[{"href":"https:\/\/www.wackler-group.de\/holding\/wp-json\/wp\/v2\/news"}],"about":[{"href":"https:\/\/www.wackler-group.de\/holding\/wp-json\/wp\/v2\/types\/news"}],"wp:attachment":[{"href":"https:\/\/www.wackler-group.de\/holding\/wp-json\/wp\/v2\/media?parent=1306"}],"wp:term":[{"taxonomy":"news-category","embeddable":true,"href":"https:\/\/www.wackler-group.de\/holding\/wp-json\/wp\/v2\/news-category?post=1306"}],"curies":[{"name":"wp","href":"https:\/\/api.w.org\/{rel}","templated":true}]}}