{"id":1289,"date":"2023-07-17T00:00:00","date_gmt":"2023-07-16T22:00:00","guid":{"rendered":"https:\/\/www.wackler-group.de\/holding\/wissen-hub\/umweltschutz-ist-teuer\/"},"modified":"2026-08-18T14:17:09","modified_gmt":"2026-08-18T14:17:09","slug":"umweltschutz-ist-teuer","status":"publish","type":"news","link":"https:\/\/www.wackler-group.de\/holding\/wissen-hub\/umweltschutz-ist-teuer\/","title":{"rendered":"Ja, Umweltschutz ist teuer"},"content":{"rendered":"\n<h3 class=\"wp-block-heading\">\n\t\t\t\tDr. Christian Reisinger, Gesch\u00e4ftsf\u00fchrer der ConClimate GmbH, im Gespr\u00e4ch mit Klimaforscher Prof. Dr. Mojib Latif<br>\n\t\t\t<\/h3>\n\n\n\n<figure class=\"wp-block-image size-full\"><img loading=\"lazy\" decoding=\"async\" width=\"700\" height=\"467\" src=\"https:\/\/www.wackler-group.de\/wp-content\/uploads\/2026\/08\/csm_Interview_Dr.Reisinger_Prof.Latif_815271c792.jpg\" alt=\"\" class=\"wp-image-2023\" srcset=\"https:\/\/www.wackler-group.de\/wp-content\/uploads\/2026\/08\/csm_Interview_Dr.Reisinger_Prof.Latif_815271c792.jpg 700w, https:\/\/www.wackler-group.de\/wp-content\/uploads\/2026\/08\/csm_Interview_Dr.Reisinger_Prof.Latif_815271c792-300x200.jpg 300w, https:\/\/www.wackler-group.de\/wp-content\/uploads\/2026\/08\/csm_Interview_Dr.Reisinger_Prof.Latif_815271c792-664x443.jpg 664w, https:\/\/www.wackler-group.de\/wp-content\/uploads\/2026\/08\/csm_Interview_Dr.Reisinger_Prof.Latif_815271c792-652x436.jpg 652w\" sizes=\"(max-width: 700px) 100vw, 700px\" \/><\/figure>\n\n\n\n<p class=\"wp-block-paragraph\"><strong><u>Dr. Reisinger:<\/u> <\/strong><\/p>\n\n\n\n<p class=\"wp-block-paragraph\"><strong>Herr Professor Latif, ich freue mich sehr, Sie heute begr\u00fc\u00dfen zu d\u00fcrfen und Ihnen einige Fragen stellen zu d\u00fcrfen. Sie sind ein Pionier was das Thema Klimaschutz angeht und schon Jahrzehnte lang dabei. Sie haben k\u00fcrzlich in einem Interview gesagt, dass Sie, wenn Sie &#8222;K\u00f6nig der Welt\u201c w\u00e4ren, als Erstes die Subventionen f\u00fcr fossile Energietr\u00e4ger abschaffen w\u00fcrden. Wenn man sich ein bisschen mit der Materie besch\u00e4ftigt, stellt man fest, dass Deutschland immer noch mehr Geld f\u00fcr die F\u00f6rderung fossiler Energien ausgibt, als f\u00fcr die F\u00f6rderung erneuerbarer Energien. Wie kann das sein und, noch wichtiger ist die Frage, wie kommen wir raus aus diesem Teufelskreis?<\/strong><\/p>\n\n\n\n<p class=\"wp-block-paragraph\"><\/p>\n\n\n\n<p class=\"wp-block-paragraph\"><u><strong>Prof. Dr. Latif:<\/strong><\/u><\/p>\n\n\n\n<p class=\"wp-block-paragraph\">In der Tat subventionieren wir Umweltzerst\u00f6rungen, indem wir die fossilen Energien so stark subventionieren. Wir m\u00fcssen endlich begreifen, dass es nicht darum geht, alte Technologien zu unterst\u00fctzen, sondern neue Technologien, die Zukunft, zu unterst\u00fctzen. Nur dann werden wir auch als Land zukunftsf\u00e4hig sein.<\/p>\n\n\n\n<p class=\"wp-block-paragraph\"><\/p>\n\n\n\n<p class=\"wp-block-paragraph\"><strong><u>Dr. Reisinger:<\/u> <\/strong><\/p>\n\n\n\n<p class=\"wp-block-paragraph\"><strong>Bleiben wir bei Zukunftsf\u00e4higkeit. Mein Eindruck ist, dass wir in Deutschland zu wenig auf Zukunftschancen achten, sondern stattdessen in tiefe Grabenk\u00e4mpfe verfallen \u2013 z.B. was ein Gesetz zur Modernisierung von Heizungen angeht. Nat\u00fcrlich sind hier und da Fehler gemacht worden, handwerklich wie politisch. Aber wieso f\u00e4llt es uns so schwer, uns auf die Chancen, die diese Transformation mit sich bringt, zu konzentrieren? Und wieso sehen wir immer nur die Schattenseiten und Kosten, und nie, was es uns bringen w\u00fcrde?<\/strong><\/p>\n\n\n\n<p class=\"wp-block-paragraph\"><\/p>\n\n\n\n<p class=\"wp-block-paragraph\"><u><strong>Prof. Dr. Latif:<\/strong><\/u>&nbsp;<\/p>\n\n\n\n<p class=\"wp-block-paragraph\">Es ist wichtig zu sehen, was uns der Klimawandel heute schon kostet: Jedes Jahr Milliarden von Euro. Zum Beispiel die Hilfen f\u00fcr die Landwirtschaft und die Forstwirtschaft. Bei uns an der K\u00fcste werden die Deiche hochgebaut. All diese Dinge m\u00fcssen finanziert werden und das Geld f\u00e4llt nicht vom Himmel, sondern es kommt von den Steuerzahlerinnen und Steuerzahlern. Und das wird immer mehr werden, Jahr f\u00fcr Jahr, weil der Klimawandel weiter voranschreitet. Und deswegen sollte man sich ganz genau \u00fcberlegen, ob wir jetzt Klimaschutz betreiben, ob wir die Investition jetzt machen oder irgendwann praktisch vor unbezahlbaren Herausforderungen stehen. Und am Ende des Tages muss man auch sehen, dass es Grenzen der Anpassungsf\u00e4higkeit gibt, aber auch Grenzen der Finanzierbarkeit.<\/p>\n\n\n\n<p class=\"wp-block-paragraph\"><\/p>\n\n\n\n<p class=\"wp-block-paragraph\"><strong><u>Dr. Reisinger:<\/u> <\/strong><\/p>\n\n\n\n<p class=\"wp-block-paragraph\"><strong>Es gibt ja schon lange Studien, die besagen: Keinen Klimaschutz zu betreiben ist ungef\u00e4hr f\u00fcnf Mal teurer als rechtzeitig in Klimaschutz zu investieren.<\/strong><\/p>\n\n\n\n<p class=\"wp-block-paragraph\"><\/p>\n\n\n\n<p class=\"wp-block-paragraph\"><u><strong>Prof. Dr. Latif:<\/strong><\/u><\/p>\n\n\n\n<p class=\"wp-block-paragraph\">Keinen Klimaschutz zu betreiben ist extrem teuer, insbesondere wenn man es \u00fcber l\u00e4ngere Zeitr\u00e4ume betrachtet. Es ist auch wichtig zu sehen, welche Chancen Klimaschutz bietet. Klimaschutz ist der Innovationsmotor schlechthin. Und wir sehen das ja gerade bei der Automobilindustrie, die Gefahr l\u00e4uft, abgeh\u00e4ngt zu werden, weil sie nicht schnell genug ist bei der E-Mobilit\u00e4t und immer noch krampfhaft versucht, am Verbrenner festzuhalten.<\/p>\n\n\n\n<p class=\"wp-block-paragraph\"><\/p>\n\n\n\n<p class=\"wp-block-paragraph\"><strong><u>Dr. Reisinger:<\/u> <\/strong><\/p>\n\n\n\n<p class=\"wp-block-paragraph\"><strong>Ja, das ist ein Paradebeispiel. Nat\u00fcrlich ist die deutsche Industrie insgesamt sehr stark gepr\u00e4gt von der Automobilindustrie. Und die Chancen, die wir in den Neunzigerjahren gehabt h\u00e4tten, um die Weichen f\u00fcr neue Technologien zu stellen, wurden leider nicht genutzt. Das bringt uns zum Thema Wettbewerbsf\u00e4higkeit. Von einigen Klimaskeptikern wird gerne als Argument angef\u00fchrt, dass wir international nicht mehr wettbewerbsf\u00e4hig w\u00e4ren, wenn wir jetzt zu viel in den Klimaschutz investieren. Ich sehe das genau umgekehrt. Ich glaube, wenn wir nichts tun beim Thema Klimaschutz, dann werden wir langfristig gar nicht mehr wettbewerbsf\u00e4hig sein, weil wir keine Produkte mehr produzieren, die der Weltmarkt ben\u00f6tigt. Sehen Sie das \u00e4hnlich?<\/strong><\/p>\n\n\n\n<p class=\"wp-block-paragraph\"><\/p>\n\n\n\n<p class=\"wp-block-paragraph\"><strong><u>Prof. Dr. Latif:<\/u>&nbsp;<\/strong><\/p>\n\n\n\n<p class=\"wp-block-paragraph\">Ja, es ist in der Tat so und auch der amerikanische Pr\u00e4sident Joe Biden sieht es genauso. Ich erinnere mich noch sehr gut an seine Rede auf dem Online-Klimagipfel, den er gleich nach seiner Amtseinf\u00fchrung einberufen hatte. In seiner Rede hat er sich in erste Linie an die eigene Bev\u00f6lkerung gewendet und gar nicht so sehr an die Welt. Und dabei hat immer wieder betont, Klimaschutz bedeute einen Boost f\u00fcr die amerikanische Wirtschaft und wird der Jobmotor schlechthin sein. Deswegen favorisiert er den Umbau der amerikanischen Energiesysteme. Er hat jetzt damit ernst gemacht, mit dem Inflation-Reduction-Act. Auch wir in Deutschland h\u00e4tten gro\u00dfe Chancen durch Klimaschutz. Beispielsweise wird einer der Standortvorteile sein, ob man Zugang zu billiger Energie hat, und vor allem zu sauberer Energie. Das wird dar\u00fcber entscheiden, oder mit dar\u00fcber entscheiden, wo sich Unternehmen ansiedeln. Und da hat Deutschland, gerade im Osten Deutschlands, ein unglaubliches Potenzial. Denn dort gibt es sehr viel Fl\u00e4che, dort kann man sehr viel erneuerbare Energie \u201eernten\u201c. Und wir sehen ja jetzt schon, dass die ersten Unternehmen sich auch in Ost-Deutschland ansiedeln. Genau das muss man dynamisieren und beim Ausbau der erneuerbaren Energien viel schneller vorangehen.<\/p>\n\n\n\n<p class=\"wp-block-paragraph\"><\/p>\n\n\n\n<p class=\"wp-block-paragraph\"><strong><u>Dr. Reisinger:<\/u> <\/strong><\/p>\n\n\n\n<p class=\"wp-block-paragraph\"><strong>Ich hoffe, dass wir als Gesellschaft noch rechtzeitig diese Erkenntnis gewinnen. Als Gesch\u00e4ftsf\u00fchrer der ConClimate rede ich sehr viel mit Unternehmen und mit verschiedenen F\u00fchrungspers\u00f6nlichkeiten in Unternehmen. Nat\u00fcrlich herrschen da zum Teil auch \u00c4ngste vor, vor dieser Transformation, vor der Herausforderung. Man fragt sich zum Beispiel was es konkret bedeutet, als Unternehmen eine Net-Zero-Strategie umzusetzen. Das ist ja doch mit starken Herausforderungen verbunden. Gibt es irgendwas, dass Sie diesen Personen mit auf dem Weg mitgeben k\u00f6nnen, um ein bisschen Mut zu machen, diese Aufgabe anzupacken?<\/strong><\/p>\n\n\n\n<p class=\"wp-block-paragraph\"><\/p>\n\n\n\n<p class=\"wp-block-paragraph\"><strong><u>Prof. Dr. Latif:<\/u>&nbsp;<\/strong><\/p>\n\n\n\n<p class=\"wp-block-paragraph\">Zun\u00e4chst einmal m\u00fcssen wir das ja nicht innerhalb weniger Jahre umsetzen. Sondern wenn wir anfangen, als Welt den Anstieg der Treibhausgase zu bremsen und die Emissionen allm\u00e4hlich senken, dann h\u00e4tten wir immer noch Jahrzehnte Zeit. Wenn ich \u00fcberlege, was in den letzten Jahrzehnten alles passiert ist an Technologiewandel, dann m\u00fcsste es doch mit dem Teufel zugehen, wenn wir so eine Herausforderung nicht innerhalb einiger Jahrzehnte schaffen k\u00f6nnen. Aber: wir d\u00fcrfen nicht warten. Stillstand ist R\u00fcckschritt. Und je l\u00e4nger wir warten, desto teurer wird das Ganze.<\/p>\n\n\n\n<p class=\"wp-block-paragraph\"><\/p>\n\n\n\n<p class=\"wp-block-paragraph\"><strong><u>Dr. Reisinger:<\/u> <\/strong><\/p>\n\n\n\n<p class=\"wp-block-paragraph\"><strong>Vielen Dank daf\u00fcr. Ich werde das gerne mitgeben, wenn ich die Gelegenheit dazu habe und darf mich jetzt ganz herzlich f\u00fcr das Gespr\u00e4ch mit Ihnen bedanken. Es hat mir viel Spa\u00df gemacht. Herzlichen Dank, Herr Professor Latif.<\/strong><\/p>\n\n\n\n<p class=\"wp-block-paragraph\"><\/p>\n\n\n\n<p class=\"wp-block-paragraph\"><strong><u>Prof. Dr. Latif:<\/u>&nbsp;<\/strong><\/p>\n\n\n\n<p class=\"wp-block-paragraph\">Sehr gerne.<\/p>\n","protected":false},"excerpt":{"rendered":"<p>Dr. Christian Reisinger, Gesch\u00e4ftsf\u00fchrer der ConClimate GmbH, im Gespr\u00e4ch mit Klimaforscher Prof. Dr. Mojib Latif Dr. Reisinger: Herr Professor Latif, ich freue mich sehr, Sie heute begr\u00fc\u00dfen zu d\u00fcrfen und Ihnen einige Fragen stellen zu d\u00fcrfen. Sie sind ein Pionier was das Thema Klimaschutz angeht und schon Jahrzehnte lang dabei. Sie haben k\u00fcrzlich in einem [&hellip;]<\/p>\n","protected":false},"featured_media":1530,"template":"","meta":{"_acf_changed":true},"news-category":[38],"class_list":["post-1289","news","type-news","status-publish","has-post-thumbnail","hentry","news-category-news"],"acf":[],"ase":null,"_links":{"self":[{"href":"https:\/\/www.wackler-group.de\/holding\/wp-json\/wp\/v2\/news\/1289","targetHints":{"allow":["GET"]}}],"collection":[{"href":"https:\/\/www.wackler-group.de\/holding\/wp-json\/wp\/v2\/news"}],"about":[{"href":"https:\/\/www.wackler-group.de\/holding\/wp-json\/wp\/v2\/types\/news"}],"wp:attachment":[{"href":"https:\/\/www.wackler-group.de\/holding\/wp-json\/wp\/v2\/media?parent=1289"}],"wp:term":[{"taxonomy":"news-category","embeddable":true,"href":"https:\/\/www.wackler-group.de\/holding\/wp-json\/wp\/v2\/news-category?post=1289"}],"curies":[{"name":"wp","href":"https:\/\/api.w.org\/{rel}","templated":true}]}}