{"id":1270,"date":"2024-01-10T00:00:00","date_gmt":"2024-01-09T23:00:00","guid":{"rendered":"https:\/\/www.wackler-group.de\/holding\/wissen-hub\/nachhaltiges-wirtschaften-wege-zur-einhaltung-planetarer-grenzen-in-unternehmen\/"},"modified":"2026-08-18T14:06:16","modified_gmt":"2026-08-18T14:06:16","slug":"nachhaltiges-wirtschaften-wege-zur-einhaltung-planetarer-grenzen-in-unternehmen","status":"publish","type":"news","link":"https:\/\/www.wackler-group.de\/holding\/wissen-hub\/nachhaltiges-wirtschaften-wege-zur-einhaltung-planetarer-grenzen-in-unternehmen\/","title":{"rendered":"Nachhaltiges Wirtschaften: Wege zur Einhaltung planetarer Grenzen in Unternehmen"},"content":{"rendered":"\n<h3 class=\"wp-block-heading\">\n\t\t\t\tFrage von Wackler Vorstand\/CEO Peter Blenke an Prof. Dr. Christian Berg<br>\n\t\t\t<\/h3>\n\n\n\n<figure class=\"wp-block-image size-full\"><img loading=\"lazy\" decoding=\"async\" width=\"700\" height=\"700\" src=\"https:\/\/www.wackler-group.de\/wp-content\/uploads\/2026\/08\/csm_christian-berg_Xing_9cc5db4c58.jpg\" alt=\"\" class=\"wp-image-1986\" srcset=\"https:\/\/www.wackler-group.de\/wp-content\/uploads\/2026\/08\/csm_christian-berg_Xing_9cc5db4c58.jpg 700w, https:\/\/www.wackler-group.de\/wp-content\/uploads\/2026\/08\/csm_christian-berg_Xing_9cc5db4c58-300x300.jpg 300w, https:\/\/www.wackler-group.de\/wp-content\/uploads\/2026\/08\/csm_christian-berg_Xing_9cc5db4c58-664x664.jpg 664w\" sizes=\"(max-width: 700px) 100vw, 700px\" \/><\/figure>\n\n\n\n<p class=\"wp-block-paragraph\">Die anhaltende Belastung der Welt ist nicht allein durch die Vielzahl von Krisen und Konflikten bedingt, sondern auch durch deren Gleichzeitigkeit. Besonders die Herausforderungen der Klimakrise betreffen uns alle in erheblichem Ma\u00dfe.<\/p>\n\n\n\n<p class=\"wp-block-paragraph\">Daher stellt sich vor allem f\u00fcr Unternehmen die Frage, wie sie erfolgreich und zuggleich klimavertr\u00e4glich wirtschaften k\u00f6nnen.<\/p>\n\n\n\n<p class=\"wp-block-paragraph\"><strong>Wackler Vorstand\/CEO Peter Blenke hat Prof. Dr. Christian Berg, Experte f\u00fcr nachhaltiges Wirtschaften, gefragt:<\/strong><\/p>\n\n\n\n<h2 class=\"wp-block-heading\">\n                    Wie k\u00f6nnen wir es schaffen, ein Wirtschaften innerhalb der planetaren Grenzen sicherzustellen?<br>\n                <\/h2>\n\n\n\n<ul class=\"wp-block-list\">\n<li>Wie kann die gr\u00fcne Transformation gelingen?<\/li>\n\n\n\n<li>Wie k\u00f6nnen die Lasten gerecht verteilt werden?<\/li>\n\n\n\n<li>Wonach bemisst sich der Erfolg des Unternehmens von morgen?<\/li>\n<\/ul>\n\n\n\n<p class=\"wp-block-paragraph\">Antworten auf diese spannenden Fragen lesen Sie im Fachbeitrag:<\/p>\n\n\n\n<p class=\"wp-block-paragraph\"><strong><a href=\"https:\/\/www.conclimate.de\/themen\/wirtschaften-innerhalb-planetarer-grenzen\" rel=\"noreferrer noopener\" target=\"_blank\">Wirtschaften innerhalb DER planetaren Grenzen<\/a><\/strong><\/p>\n\n\n\n<p class=\"wp-block-paragraph\"><\/p>\n\n\n\n<p class=\"wp-block-paragraph\">Prof. Dr. Christian Berg ist unter anderem Honorarprofessor f\u00fcr Nachhaltigkeit und Globaler Wandel an der TU Clausthal, Pr\u00e4sidiumsmitglied der Deutschen Gesellschaft Club of Rome und Beirat der ConClimate GmbH, einer Tochtergesellschaft der Wackler Holding SE.<\/p>\n\n\n\n<figure class=\"wp-block-image size-full\"><img loading=\"lazy\" decoding=\"async\" width=\"700\" height=\"401\" src=\"https:\/\/www.wackler-group.de\/wp-content\/uploads\/2026\/08\/csm_Planetare_Grenzen_931870bbba.png\" alt=\"\" class=\"wp-image-1987\" srcset=\"https:\/\/www.wackler-group.de\/wp-content\/uploads\/2026\/08\/csm_Planetare_Grenzen_931870bbba.png 700w, https:\/\/www.wackler-group.de\/wp-content\/uploads\/2026\/08\/csm_Planetare_Grenzen_931870bbba-300x172.png 300w, https:\/\/www.wackler-group.de\/wp-content\/uploads\/2026\/08\/csm_Planetare_Grenzen_931870bbba-664x380.png 664w\" sizes=\"(max-width: 700px) 100vw, 700px\" \/><\/figure>\n","protected":false},"excerpt":{"rendered":"<p>Frage von Wackler Vorstand\/CEO Peter Blenke an Prof. Dr. Christian Berg Die anhaltende Belastung der Welt ist nicht allein durch die Vielzahl von Krisen und Konflikten bedingt, sondern auch durch deren Gleichzeitigkeit. Besonders die Herausforderungen der Klimakrise betreffen uns alle in erheblichem Ma\u00dfe. Daher stellt sich vor allem f\u00fcr Unternehmen die Frage, wie sie erfolgreich [&hellip;]<\/p>\n","protected":false},"featured_media":1530,"template":"","meta":{"_acf_changed":true},"news-category":[38],"class_list":["post-1270","news","type-news","status-publish","has-post-thumbnail","hentry","news-category-news"],"acf":[],"ase":null,"_links":{"self":[{"href":"https:\/\/www.wackler-group.de\/holding\/wp-json\/wp\/v2\/news\/1270","targetHints":{"allow":["GET"]}}],"collection":[{"href":"https:\/\/www.wackler-group.de\/holding\/wp-json\/wp\/v2\/news"}],"about":[{"href":"https:\/\/www.wackler-group.de\/holding\/wp-json\/wp\/v2\/types\/news"}],"wp:attachment":[{"href":"https:\/\/www.wackler-group.de\/holding\/wp-json\/wp\/v2\/media?parent=1270"}],"wp:term":[{"taxonomy":"news-category","embeddable":true,"href":"https:\/\/www.wackler-group.de\/holding\/wp-json\/wp\/v2\/news-category?post=1270"}],"curies":[{"name":"wp","href":"https:\/\/api.w.org\/{rel}","templated":true}]}}