{"id":1254,"date":"2024-08-30T00:00:00","date_gmt":"2024-08-29T22:00:00","guid":{"rendered":"https:\/\/www.wackler-group.de\/holding\/wissen-hub\/wackler-ist-mitglied-des-un-global-compact\/"},"modified":"2026-08-18T13:40:58","modified_gmt":"2026-08-18T13:40:58","slug":"wackler-ist-mitglied-des-un-global-compact","status":"publish","type":"news","link":"https:\/\/www.wackler-group.de\/holding\/wissen-hub\/wackler-ist-mitglied-des-un-global-compact\/","title":{"rendered":"Wackler ist Mitglied des UN Global Compact"},"content":{"rendered":"\n<figure class=\"wp-block-image size-full\"><img loading=\"lazy\" decoding=\"async\" width=\"2000\" height=\"1050\" src=\"https:\/\/www.wackler-group.de\/wp-content\/uploads\/2026\/07\/csm_UN_Global_Compact_2024_72b4dcae81.png\" alt=\"\" class=\"wp-image-1597\" srcset=\"https:\/\/www.wackler-group.de\/wp-content\/uploads\/2026\/07\/csm_UN_Global_Compact_2024_72b4dcae81.png 2000w, https:\/\/www.wackler-group.de\/wp-content\/uploads\/2026\/07\/csm_UN_Global_Compact_2024_72b4dcae81-300x158.png 300w, https:\/\/www.wackler-group.de\/wp-content\/uploads\/2026\/07\/csm_UN_Global_Compact_2024_72b4dcae81-664x349.png 664w, https:\/\/www.wackler-group.de\/wp-content\/uploads\/2026\/07\/csm_UN_Global_Compact_2024_72b4dcae81-1360x714.png 1360w\" sizes=\"(max-width: 2000px) 100vw, 2000px\" \/><\/figure>\n\n\n\n<p class=\"wp-block-paragraph\"><\/p>\n\n\n\n<p class=\"wp-block-paragraph\">Wir freuen uns, dass wir nun offiziell Teil der weltweit gr\u00f6\u00dften Initiative f\u00fcr verantwortungsvolle Unternehmensf\u00fchrung sind.<\/p>\n\n\n\n<p class=\"wp-block-paragraph\">Dies ist ein wichtiger Schritt in unserer Nachhaltigkeitspolitik und unterstreicht unser Engagement, verantwortungsvolles Wirtschaften in den Mittelpunkt unseres Handelns zu stellen.<\/p>\n\n\n\n<h2 class=\"wp-block-heading\">\n                    Gemeinsam f\u00fcr eine nachhaltige Wirtschaft<br>\n                <\/h2>\n\n\n\n<p class=\"wp-block-paragraph\"><a href=\"\/nachhaltigkeit\/\">Nachhaltigkeit<\/a> ist ein zentraler Bestandteil unserer Unternehmenspolitik. Als Unternehmen auf dem Weg zu \u201eNet Zero\u201c haben wir uns ambitionierte Nachhaltigkeitsziele gesetzt. Mit vielen Ma\u00dfnahmen und unseren <a href=\"\/ueber-uns\/wackler-green-services\/\">GREEN SERVICES<\/a> \u00fcbernehmen wir \u00f6kologische, soziale und wirtschaftliche Verantwortung, um einen positiven Beitrag zur globalen Nachhaltigkeitsagenda zu leisten.<\/p>\n\n\n\n<p class=\"wp-block-paragraph\">Die nachhaltige Transformation der Wirtschaft ist eine globale Herausforderung, die nur alle gemeinsam l\u00f6sen k\u00f6nnen. Das globale Netzwerk vereint bereits \u00fcber 25.350 Unternehmen aus mehr als 170 L\u00e4ndern. Es bietet eine Plattform mit gemeinsamen Werten und Prinzipien, mit dem Ziel, Unternehmen auf der ganzen Welt zu mobilisieren, um die Prinzipien einer nachhaltigen Wirtschaft voranzubringen. Als Mitglied des UN Global Compact verpflichten wir uns, die 10 Prinzipien in den Bereichen Menschenrechte, Arbeitsnormen, Umweltschutz und Korruptionsbek\u00e4mpfung aktiv zu unterst\u00fctzen.<\/p>\n\n\n\n<h3 class=\"wp-block-heading\">\n                    United Nations Global Compact<br>\n                <\/h3>\n\n\n\n<p class=\"wp-block-paragraph\">Der <a href=\"https:\/\/www.globalcompact.de\/\" rel=\"noreferrer noopener\" target=\"_blank\">UN Global Compact <\/a>ist eine freiwillige Initiative der Vereinten Nationen, die Unternehmen dazu aufruft, ihre Strategien und T\u00e4tigkeiten an zehn universellen Prinzipien in den Bereichen Menschenrechte, Arbeitsnormen, Umwelt und Korruptionsbek\u00e4mpfung auszurichten. Ziel des Global Compact ist es, eine nachhaltige und inklusive globale Wirtschaft zu f\u00f6rdern, die den langfristigen Nutzen f\u00fcr alle Beteiligten maximiert. Unternehmen, die der Initiative beitreten, verpflichten sich, diese Prinzipien in ihre Gesch\u00e4ftspraktiken zu integrieren und j\u00e4hrlich \u00fcber ihre Fortschritte zu berichten. Zudem dient sie als Plattform f\u00fcr Dialog und Zusammenarbeit zwischen Unternehmen, zivilgesellschaftlichen Organisationen und Regierungen. Der UN Global Compact tr\u00e4gt somit dazu bei, die 17 Ziele f\u00fcr nachhaltige Entwicklung (SDGs) der Vereinten Nationen zu unterst\u00fctzen.<\/p>\n","protected":false},"excerpt":{"rendered":"<p>Wir freuen uns, dass wir nun offiziell Teil der weltweit gr\u00f6\u00dften Initiative f\u00fcr verantwortungsvolle Unternehmensf\u00fchrung sind. Dies ist ein wichtiger Schritt in unserer Nachhaltigkeitspolitik und unterstreicht unser Engagement, verantwortungsvolles Wirtschaften in den Mittelpunkt unseres Handelns zu stellen. Gemeinsam f\u00fcr eine nachhaltige Wirtschaft Nachhaltigkeit ist ein zentraler Bestandteil unserer Unternehmenspolitik. Als Unternehmen auf dem Weg zu [&hellip;]<\/p>\n","protected":false},"featured_media":1597,"template":"","meta":{"_acf_changed":true},"news-category":[38],"class_list":["post-1254","news","type-news","status-publish","has-post-thumbnail","hentry","news-category-news"],"acf":[],"ase":null,"_links":{"self":[{"href":"https:\/\/www.wackler-group.de\/holding\/wp-json\/wp\/v2\/news\/1254","targetHints":{"allow":["GET"]}}],"collection":[{"href":"https:\/\/www.wackler-group.de\/holding\/wp-json\/wp\/v2\/news"}],"about":[{"href":"https:\/\/www.wackler-group.de\/holding\/wp-json\/wp\/v2\/types\/news"}],"wp:featuredmedia":[{"embeddable":true,"href":"https:\/\/www.wackler-group.de\/holding\/wp-json\/wp\/v2\/media\/1597"}],"wp:attachment":[{"href":"https:\/\/www.wackler-group.de\/holding\/wp-json\/wp\/v2\/media?parent=1254"}],"wp:term":[{"taxonomy":"news-category","embeddable":true,"href":"https:\/\/www.wackler-group.de\/holding\/wp-json\/wp\/v2\/news-category?post=1254"}],"curies":[{"name":"wp","href":"https:\/\/api.w.org\/{rel}","templated":true}]}}