{"id":1246,"date":"2024-11-28T00:00:00","date_gmt":"2024-11-27T23:00:00","guid":{"rendered":"https:\/\/www.wackler-group.de\/holding\/wissen-hub\/ceo-peter-blenke\/"},"modified":"2026-08-18T13:15:53","modified_gmt":"2026-08-18T13:15:53","slug":"ceo-peter-blenke","status":"publish","type":"news","link":"https:\/\/www.wackler-group.de\/holding\/wissen-hub\/ceo-peter-blenke\/","title":{"rendered":"Staatsmedaille f\u00fcr Wackler Vorstand\/CEO Peter Blenke"},"content":{"rendered":"\n<h3 class=\"wp-block-heading\">\n\t\t\t\tW\u00fcrdigung f\u00fcr besondere Verdienste um Wachstum, Besch\u00e4ftigung und Wohlstand in Bayern<br>\n\t\t\t<\/h3>\n\n\n\n<p class=\"wp-block-paragraph\">Peter Blenke, Vorstand\/CEO der Wackler Holding SE, wurde am 27. November 2024 vom bayerischen Wirtschaftsminister Hubert Aiwanger im bayerischen Staatsministerium mit der Staatsmedaille f\u00fcr besondere Verdienste um die bayerische Wirtschaft ausgezeichnet.<\/p>\n\n\n\n<p class=\"wp-block-paragraph\">Die Ehrung w\u00fcrdigt sein besonderes Engagement f\u00fcr Wachstum, Besch\u00e4ftigung und Wohlstand in Bayern und seine zwanzig Jahre erfolgreiche F\u00fchrungsarbeit, die die Wackler Group zu einem starken bundesweiten Arbeitgeber und stabilen Wirtschaftsfaktor in Bayern gemacht hat.<\/p>\n\n\n\n<p class=\"wp-block-paragraph\">\u201eDiese Auszeichnung ist f\u00fcr mich eine gro\u00dfe Ehre und Best\u00e4tigung meiner Arbeit\u201c, betonte Peter Blenke bei der Verleihung der Staatsmedaille. \u201eGerade in einer Zeit, in der die heimische Wirtschaft und die Gesellschaft gleicherma\u00dfen an einem Scheideweg stehen, sind Wachstum, Besch\u00e4ftigung und nachhaltiger Wohlstand die zentralen Ankerpunkte, an denen wir uns bei der Gestaltung der Transformation orientieren m\u00fcssen. Sie sind die Konstanten und Garanten f\u00fcr gesellschaftlichen Zusammenhalt und die Sicherung unserer Demokratie. Dazu m\u00f6chte ich mit der Wackler Holding SE auch in Zukunft durch wirtschaftliche Stabilit\u00e4t und soziale Sicherheit beitragen, nicht nur in Bayern, sondern \u00fcber die Landesgrenze hinaus.\u201c<\/p>\n\n\n\n<p class=\"wp-block-paragraph\"><a href=\"https:\/\/www.wackler-group.de\/fileadmin\/corporate\/Downloads\/Pressemitteilung_Wackler_Staatsmedaille_fuer_Peter_Blenke.pdf\">Zur Pressemitteilung<\/a><\/p>\n\n\n\n<figure class=\"wp-block-image size-full\"><img loading=\"lazy\" decoding=\"async\" width=\"2000\" height=\"1050\" src=\"https:\/\/www.wackler-group.de\/wp-content\/uploads\/2026\/07\/csm_JK_Staatsmedaille_PeterBlenke_0033_15c870359c.jpg\" alt=\"\" class=\"wp-image-1582\" srcset=\"https:\/\/www.wackler-group.de\/wp-content\/uploads\/2026\/07\/csm_JK_Staatsmedaille_PeterBlenke_0033_15c870359c.jpg 2000w, https:\/\/www.wackler-group.de\/wp-content\/uploads\/2026\/07\/csm_JK_Staatsmedaille_PeterBlenke_0033_15c870359c-300x158.jpg 300w, https:\/\/www.wackler-group.de\/wp-content\/uploads\/2026\/07\/csm_JK_Staatsmedaille_PeterBlenke_0033_15c870359c-664x349.jpg 664w, https:\/\/www.wackler-group.de\/wp-content\/uploads\/2026\/07\/csm_JK_Staatsmedaille_PeterBlenke_0033_15c870359c-1360x714.jpg 1360w\" sizes=\"(max-width: 2000px) 100vw, 2000px\" \/><\/figure>\n\n\n\n<p class=\"wp-block-paragraph\"><em>Peter Blenke, Vorstand\/CEO der Wackler Holding SE, erh\u00e4lt die Staatsmedaille, \u00fcberreicht von Bayerns Wirtschaftsminister Hubert Aiwanger.<\/em><\/p>\n\n\n\n<figure class=\"wp-block-image size-full\"><img loading=\"lazy\" decoding=\"async\" width=\"700\" height=\"394\" src=\"https:\/\/www.wackler-group.de\/wp-content\/uploads\/2026\/08\/csm_JK_Staatsmedaille_PeterBlenke_0041_513c03cf2e.jpg\" alt=\"\" class=\"wp-image-1917\" srcset=\"https:\/\/www.wackler-group.de\/wp-content\/uploads\/2026\/08\/csm_JK_Staatsmedaille_PeterBlenke_0041_513c03cf2e.jpg 700w, https:\/\/www.wackler-group.de\/wp-content\/uploads\/2026\/08\/csm_JK_Staatsmedaille_PeterBlenke_0041_513c03cf2e-300x169.jpg 300w, https:\/\/www.wackler-group.de\/wp-content\/uploads\/2026\/08\/csm_JK_Staatsmedaille_PeterBlenke_0041_513c03cf2e-664x374.jpg 664w\" sizes=\"(max-width: 700px) 100vw, 700px\" \/><\/figure>\n\n\n\n<p class=\"wp-block-paragraph\"><em>Wirtschaftsminister Hubert Aiwanger w\u00fcrdigte die Preistr\u00e4ger und dankte ihnen f\u00fcr ihr besonderes Engagement.<\/em><\/p>\n\n\n\n<figure class=\"wp-block-image size-full\"><img loading=\"lazy\" decoding=\"async\" width=\"700\" height=\"394\" src=\"https:\/\/www.wackler-group.de\/wp-content\/uploads\/2026\/08\/csm_JK_Staatsmedaille_PeterBlenke_0024_8307fdeec0.jpg\" alt=\"\" class=\"wp-image-1918\" srcset=\"https:\/\/www.wackler-group.de\/wp-content\/uploads\/2026\/08\/csm_JK_Staatsmedaille_PeterBlenke_0024_8307fdeec0.jpg 700w, https:\/\/www.wackler-group.de\/wp-content\/uploads\/2026\/08\/csm_JK_Staatsmedaille_PeterBlenke_0024_8307fdeec0-300x169.jpg 300w, https:\/\/www.wackler-group.de\/wp-content\/uploads\/2026\/08\/csm_JK_Staatsmedaille_PeterBlenke_0024_8307fdeec0-664x374.jpg 664w\" sizes=\"(max-width: 700px) 100vw, 700px\" \/><\/figure>\n\n\n\n<p class=\"wp-block-paragraph\"><em>Bayerns Wirtschaftsminister Hubert Aiwanger und Wackler Vorstand\/CEO Peter Blenke bei der feierlichen Ehrung im Bayerischen Staatsministerium.<\/em><\/p>\n\n\n\n<figure class=\"wp-block-image size-full\"><img loading=\"lazy\" decoding=\"async\" width=\"700\" height=\"394\" src=\"https:\/\/www.wackler-group.de\/wp-content\/uploads\/2026\/08\/csm_JK_Staatsmedaille_PeterBlenke_0067_478075f886.jpg\" alt=\"\" class=\"wp-image-1919\" srcset=\"https:\/\/www.wackler-group.de\/wp-content\/uploads\/2026\/08\/csm_JK_Staatsmedaille_PeterBlenke_0067_478075f886.jpg 700w, https:\/\/www.wackler-group.de\/wp-content\/uploads\/2026\/08\/csm_JK_Staatsmedaille_PeterBlenke_0067_478075f886-300x169.jpg 300w, https:\/\/www.wackler-group.de\/wp-content\/uploads\/2026\/08\/csm_JK_Staatsmedaille_PeterBlenke_0067_478075f886-664x374.jpg 664w\" sizes=\"(max-width: 700px) 100vw, 700px\" \/><\/figure>\n\n\n\n<p class=\"wp-block-paragraph\"><em>Unter den Gratulanten im Bayerischen Staatsministerium befanden sich neben Herrn Hubert Aiwanger (2. v. L.) auch Norbert Seidl, Erster B\u00fcrgermeister der Stadt Puchheim (2. v. R.), und Hans Kn\u00fcrr, Referent f\u00fcr Wirtschaft und Besch\u00e4ftigung in Puchheim (rechts), dem Wohnsitz von Preistr\u00e4ger Peter Blenke (links).<\/em><\/p>\n","protected":false},"excerpt":{"rendered":"<p>W\u00fcrdigung f\u00fcr besondere Verdienste um Wachstum, Besch\u00e4ftigung und Wohlstand in Bayern Peter Blenke, Vorstand\/CEO der Wackler Holding SE, wurde am 27. November 2024 vom bayerischen Wirtschaftsminister Hubert Aiwanger im bayerischen Staatsministerium mit der Staatsmedaille f\u00fcr besondere Verdienste um die bayerische Wirtschaft ausgezeichnet. Die Ehrung w\u00fcrdigt sein besonderes Engagement f\u00fcr Wachstum, Besch\u00e4ftigung und Wohlstand in Bayern [&hellip;]<\/p>\n","protected":false},"featured_media":1582,"template":"","meta":{"_acf_changed":true},"news-category":[38],"class_list":["post-1246","news","type-news","status-publish","has-post-thumbnail","hentry","news-category-news"],"acf":[],"ase":null,"_links":{"self":[{"href":"https:\/\/www.wackler-group.de\/holding\/wp-json\/wp\/v2\/news\/1246","targetHints":{"allow":["GET"]}}],"collection":[{"href":"https:\/\/www.wackler-group.de\/holding\/wp-json\/wp\/v2\/news"}],"about":[{"href":"https:\/\/www.wackler-group.de\/holding\/wp-json\/wp\/v2\/types\/news"}],"wp:featuredmedia":[{"embeddable":true,"href":"https:\/\/www.wackler-group.de\/holding\/wp-json\/wp\/v2\/media\/1582"}],"wp:attachment":[{"href":"https:\/\/www.wackler-group.de\/holding\/wp-json\/wp\/v2\/media?parent=1246"}],"wp:term":[{"taxonomy":"news-category","embeddable":true,"href":"https:\/\/www.wackler-group.de\/holding\/wp-json\/wp\/v2\/news-category?post=1246"}],"curies":[{"name":"wp","href":"https:\/\/api.w.org\/{rel}","templated":true}]}}