{"id":1239,"date":"2025-02-17T00:00:00","date_gmt":"2025-02-16T23:00:00","guid":{"rendered":"https:\/\/www.wackler-group.de\/holding\/wissen-hub\/15-jahre-wackler-personal-service\/"},"modified":"2026-08-18T13:11:51","modified_gmt":"2026-08-18T13:11:51","slug":"15-jahre-wackler-personal-service","status":"publish","type":"news","link":"https:\/\/www.wackler-group.de\/holding\/wissen-hub\/15-jahre-wackler-personal-service\/","title":{"rendered":"15 Jahre Wackler Personal-Service"},"content":{"rendered":"\n<h3 class=\"wp-block-heading\">\n\t\t\t\tEine Erfolgsgeschichte in der Personaldienstleistung<br>\n\t\t\t<\/h3>\n\n\n\n<p class=\"wp-block-paragraph\">Wir gratulieren unserer Tochtergesellschaft, der Wackler Personal-Service GmbH, zum 15-j\u00e4hrigen Bestehen.<\/p>\n\n\n\n<p class=\"wp-block-paragraph\">Peter Blenke, Vorstand\/CEO der Wackler Holding SE, gr\u00fcndete das Personaldienstleistungs-unternehmen 2010 mit Hauptsitz in Chemnitz. Seither hat sich das Unternehmen als verl\u00e4sslicher Partner f\u00fcr Personaldienstleistungen etabliert und w\u00e4chst kontinuierlich. Gestartet mit zwei Standorten in Chemnitz und Dresden, z\u00e4hlt das Unternehmen heute \u00fcber ein Dutzend Niederlassungen und bietet flexible und nachhaltige Personall\u00f6sungen.<\/p>\n\n\n\n<p class=\"wp-block-paragraph\">Seit 2013 f\u00fchrt Gesch\u00e4ftsf\u00fchrer Falk Damerow das mittelst\u00e4ndische Unternehmen erfolgreich durch einen Markt, der sich seitdem grundlegend ver\u00e4ndert hat. Das Unternehmen passt sich erfolgreich den Marktanforderungen an und wurde f\u00fcr sein Engagement im Bereich <a href=\"https:\/\/wackler-personal.de\/ecovadis-platin-medaille-gemeinsam-an-die-spitze-der-nachhaltigkeit\/\" rel=\"noreferrer noopener\" target=\"_blank\">Nachhaltigkeit<\/a> mehrfach ausgezeichnet.<\/p>\n\n\n\n<h2 class=\"wp-block-heading\">\n                    Mehr als nur Personalberatung \u2013 ein \u201eRundum-sorglos-Paket\u201c<br>\n                <\/h2>\n\n\n\n<p class=\"wp-block-paragraph\">Wackler Personal-Service setzt auf individuelle Betreuung und nachhaltige Besch\u00e4ftigungsmodelle. Mit erfahrenen Recruiting-Experten, die die regionalen Arbeitsm\u00e4rkte genau kennen, bietet sie individuelle L\u00f6sungen und bringt die Unternehmen und Bewerber*innen passgenau zusammen.<\/p>\n\n\n\n<p class=\"wp-block-paragraph\">Mehr Informationen finden Sie unter <a href=\"https:\/\/wackler-personal.de\/\" rel=\"noreferrer noopener\" target=\"_blank\">Wackler Personal-Service<\/a><\/p>\n\n\n\n<p class=\"wp-block-paragraph\">Die Wackler Holding SE dankt allen Mitarbeiter*innen und Kunden f\u00fcr die erfolgreiche Zusammenarbeit und freut sich auf eine weiterhin positive Entwicklung der Wackler Personal-Service GmbH.<\/p>\n\n\n\n<figure class=\"wp-block-image size-full\"><img loading=\"lazy\" decoding=\"async\" width=\"2000\" height=\"1050\" src=\"https:\/\/www.wackler-group.de\/wp-content\/uploads\/2026\/07\/csm_Wackler_15Jahre_WPS_1108aa8070.png\" alt=\"\" class=\"wp-image-1568\" srcset=\"https:\/\/www.wackler-group.de\/wp-content\/uploads\/2026\/07\/csm_Wackler_15Jahre_WPS_1108aa8070.png 2000w, https:\/\/www.wackler-group.de\/wp-content\/uploads\/2026\/07\/csm_Wackler_15Jahre_WPS_1108aa8070-300x158.png 300w, https:\/\/www.wackler-group.de\/wp-content\/uploads\/2026\/07\/csm_Wackler_15Jahre_WPS_1108aa8070-664x349.png 664w, https:\/\/www.wackler-group.de\/wp-content\/uploads\/2026\/07\/csm_Wackler_15Jahre_WPS_1108aa8070-1360x714.png 1360w\" sizes=\"(max-width: 2000px) 100vw, 2000px\" \/><\/figure>\n","protected":false},"excerpt":{"rendered":"<p>Eine Erfolgsgeschichte in der Personaldienstleistung Wir gratulieren unserer Tochtergesellschaft, der Wackler Personal-Service GmbH, zum 15-j\u00e4hrigen Bestehen. Peter Blenke, Vorstand\/CEO der Wackler Holding SE, gr\u00fcndete das Personaldienstleistungs-unternehmen 2010 mit Hauptsitz in Chemnitz. Seither hat sich das Unternehmen als verl\u00e4sslicher Partner f\u00fcr Personaldienstleistungen etabliert und w\u00e4chst kontinuierlich. Gestartet mit zwei Standorten in Chemnitz und Dresden, z\u00e4hlt das [&hellip;]<\/p>\n","protected":false},"featured_media":1568,"template":"","meta":{"_acf_changed":true},"news-category":[38],"class_list":["post-1239","news","type-news","status-publish","has-post-thumbnail","hentry","news-category-news"],"acf":[],"ase":null,"_links":{"self":[{"href":"https:\/\/www.wackler-group.de\/holding\/wp-json\/wp\/v2\/news\/1239","targetHints":{"allow":["GET"]}}],"collection":[{"href":"https:\/\/www.wackler-group.de\/holding\/wp-json\/wp\/v2\/news"}],"about":[{"href":"https:\/\/www.wackler-group.de\/holding\/wp-json\/wp\/v2\/types\/news"}],"wp:featuredmedia":[{"embeddable":true,"href":"https:\/\/www.wackler-group.de\/holding\/wp-json\/wp\/v2\/media\/1568"}],"wp:attachment":[{"href":"https:\/\/www.wackler-group.de\/holding\/wp-json\/wp\/v2\/media?parent=1239"}],"wp:term":[{"taxonomy":"news-category","embeddable":true,"href":"https:\/\/www.wackler-group.de\/holding\/wp-json\/wp\/v2\/news-category?post=1239"}],"curies":[{"name":"wp","href":"https:\/\/api.w.org\/{rel}","templated":true}]}}