{"id":1237,"date":"2025-02-27T00:00:00","date_gmt":"2025-02-26T23:00:00","guid":{"rendered":"https:\/\/www.wackler-group.de\/holding\/wissen-hub\/wir-sind-dabei-wackler-group-auf-dem-zukunftstag-mittelstand-2025\/"},"modified":"2026-08-18T13:10:45","modified_gmt":"2026-08-18T13:10:45","slug":"wir-sind-dabei-wackler-group-auf-dem-zukunftstag-mittelstand-2025","status":"publish","type":"news","link":"https:\/\/www.wackler-group.de\/holding\/wissen-hub\/wir-sind-dabei-wackler-group-auf-dem-zukunftstag-mittelstand-2025\/","title":{"rendered":"Wir sind dabei! Wackler Group auf dem Zukunftstag Mittelstand 2025"},"content":{"rendered":"\n<p class=\"wp-block-paragraph\">Am <strong>9. April 2025<\/strong> ist es soweit: Der Zukunftstag Mittelstand in <strong>Berlin<\/strong> \u00f6ffnet seine Tore \u2013 das f\u00fchrende Forum f\u00fcr den deutschen Mittelstand unter dem Motto \u201eWerte und Wohlstand\u201c.<\/p>\n\n\n\n<p class=\"wp-block-paragraph\">Der <strong>BVMW e.V.<\/strong> bringt an diesem Tag die Top-Entscheider aus Wirtschaft und Politik zusammen, um die zentralen Herausforderungen und Chancen f\u00fcr den Mittelstand zu diskutieren. Freuen Sie sich auf inspirierende Keynotes, exklusive Einblicke und wertvolle Networking-M\u00f6glichkeiten.<\/p>\n\n\n\n<p class=\"wp-block-paragraph\">Auch die Wackler Group ist mit einem Stand vertreten! <strong>Besuchen Sie uns in der STATION-Berlin<\/strong> und erfahren Sie mehr \u00fcber unsere neuesten Entwicklungen.<\/p>\n\n\n\n<p class=\"wp-block-paragraph\">Ein besonderes Highlight:<\/p>\n\n\n\n<h2 class=\"wp-block-heading\">\n                    Keynote zum Thema ESG von Dr. Christian Reisinger<br>\n                <\/h2>\n\n\n\n<p class=\"wp-block-paragraph\">Erleben Sie die Keynote von Dr. Christian Reisinger, dem Gesch\u00e4ftsf\u00fchrer unserer Tochtergesellschaften ConClimate und Substain.<\/p>\n\n\n\n<ul class=\"wp-block-list\">\n<li><strong>Global Stage <\/strong>| 14:35 \u2013 14:50 Uhr<\/li>\n\n\n\n<li><strong>Thema:<\/strong> ESG \u2013 Nachhaltigkeit als Erfolgsfaktor f\u00fcr den Mittelstand<\/li>\n<\/ul>\n\n\n\n<p class=\"wp-block-paragraph\">Nutzen Sie die Gelegenheit f\u00fcr einen pers\u00f6nlichen Austausch mit unserem Team, kn\u00fcpfen Sie wertvolle Kontakte und entdecken Sie, wie innovative Services den Mittelstand zukunftsf\u00e4hig machen.<\/p>\n\n\n\n<p class=\"wp-block-paragraph\">Weitere Informationen zum Event finden Sie unter <a href=\"https:\/\/zukunftstag-mittelstand.de\/\" rel=\"noreferrer noopener\" target=\"_blank\">https:\/\/zukunftstag-mittelstand.de\/<\/a><\/p>\n\n\n\n<p class=\"wp-block-paragraph\"><strong>Wir freuen uns auf Ihren Besuch in Berlin!<\/strong><\/p>\n\n\n\n<figure class=\"wp-block-image size-full\"><img loading=\"lazy\" decoding=\"async\" width=\"2000\" height=\"1050\" src=\"https:\/\/www.wackler-group.de\/wp-content\/uploads\/2026\/07\/csm_Zukunftstag_Mittelstand_c0b32f7c64.png\" alt=\"\" class=\"wp-image-1564\" srcset=\"https:\/\/www.wackler-group.de\/wp-content\/uploads\/2026\/07\/csm_Zukunftstag_Mittelstand_c0b32f7c64.png 2000w, https:\/\/www.wackler-group.de\/wp-content\/uploads\/2026\/07\/csm_Zukunftstag_Mittelstand_c0b32f7c64-300x158.png 300w, https:\/\/www.wackler-group.de\/wp-content\/uploads\/2026\/07\/csm_Zukunftstag_Mittelstand_c0b32f7c64-664x349.png 664w, https:\/\/www.wackler-group.de\/wp-content\/uploads\/2026\/07\/csm_Zukunftstag_Mittelstand_c0b32f7c64-1360x714.png 1360w\" sizes=\"(max-width: 2000px) 100vw, 2000px\" \/><\/figure>\n","protected":false},"excerpt":{"rendered":"<p>Am 9. April 2025 ist es soweit: Der Zukunftstag Mittelstand in Berlin \u00f6ffnet seine Tore \u2013 das f\u00fchrende Forum f\u00fcr den deutschen Mittelstand unter dem Motto \u201eWerte und Wohlstand\u201c. Der BVMW e.V. bringt an diesem Tag die Top-Entscheider aus Wirtschaft und Politik zusammen, um die zentralen Herausforderungen und Chancen f\u00fcr den Mittelstand zu diskutieren. Freuen [&hellip;]<\/p>\n","protected":false},"featured_media":1564,"template":"","meta":{"_acf_changed":true},"news-category":[38],"class_list":["post-1237","news","type-news","status-publish","has-post-thumbnail","hentry","news-category-news"],"acf":[],"ase":null,"_links":{"self":[{"href":"https:\/\/www.wackler-group.de\/holding\/wp-json\/wp\/v2\/news\/1237","targetHints":{"allow":["GET"]}}],"collection":[{"href":"https:\/\/www.wackler-group.de\/holding\/wp-json\/wp\/v2\/news"}],"about":[{"href":"https:\/\/www.wackler-group.de\/holding\/wp-json\/wp\/v2\/types\/news"}],"wp:featuredmedia":[{"embeddable":true,"href":"https:\/\/www.wackler-group.de\/holding\/wp-json\/wp\/v2\/media\/1564"}],"wp:attachment":[{"href":"https:\/\/www.wackler-group.de\/holding\/wp-json\/wp\/v2\/media?parent=1237"}],"wp:term":[{"taxonomy":"news-category","embeddable":true,"href":"https:\/\/www.wackler-group.de\/holding\/wp-json\/wp\/v2\/news-category?post=1237"}],"curies":[{"name":"wp","href":"https:\/\/api.w.org\/{rel}","templated":true}]}}