{"id":1235,"date":"2025-03-10T00:00:00","date_gmt":"2025-03-09T23:00:00","guid":{"rendered":"https:\/\/www.wackler-group.de\/holding\/wissen-hub\/wackler-group-erhaelt-luenendonk-b2b-service-award-2025-in-der-kategorie-innovation\/"},"modified":"2026-08-18T13:09:25","modified_gmt":"2026-08-18T13:09:25","slug":"wackler-group-erhaelt-luenendonk-b2b-service-award-2025-in-der-kategorie-innovation","status":"publish","type":"news","link":"https:\/\/www.wackler-group.de\/holding\/wissen-hub\/wackler-group-erhaelt-luenendonk-b2b-service-award-2025-in-der-kategorie-innovation\/","title":{"rendered":"Wackler Group erh\u00e4lt L\u00fcnendonk B2B-Service-Award 2025 in der Kategorie \u201eInnovation\u201c"},"content":{"rendered":"\n<p class=\"wp-block-paragraph\">Die Wackler Group wurde mit dem renommierten L\u00fcnendonk &amp; Hossenfelder B2B-Service-Award 2025 in der Kategorie \u201eInnovation\u201c ausgezeichnet. Die feierliche Preisverleihung fand am 10. M\u00e4rz 2025 in Frankfurt am Main statt, bei der Vorstand\/CEO Peter Blenke den Preis entgegennahm. Diese hochkar\u00e4tige Auszeichnung, deren Preistr\u00e4ger eine Jury aus 14 unabh\u00e4ngigen Fach- und Wirtschaftsjournalisten ausw\u00e4hlt, w\u00fcrdigt die Innovationskraft, mit der sich die Wackler Group von einem regionalen Geb\u00e4udedienstleister zu einem modernen Multi-Brand-Dienstleistungsunternehmen entwickelt hat.<\/p>\n\n\n\n<p class=\"wp-block-paragraph\">\u201eEs ist eine gro\u00dfe Ehre f\u00fcr uns, von einer unabh\u00e4ngigen Jury derart ausgezeichnet zu werden. Und wir sind stolz, nun zu einem ausgesprochen erlesenen Kreis von Preistr\u00e4gern zu geh\u00f6ren\u201c, erkl\u00e4rte CEO\/Vorstand Peter Blenke in seiner Dankesrede.<\/p>\n\n\n\n<h2 class=\"wp-block-heading\">\n                    Innovation durch Nachhaltigkeit und Digitalisierung<br>\n                <\/h2>\n\n\n\n<p class=\"wp-block-paragraph\">Unser Innovationsweg begann bereits 2008 mit der Einf\u00fchrung des nachhaltigen Reinigungskonzepts von BioClean\u00ae. Mit <a href=\"\/gebaeudereinigung\/greenclean\/\">GREEN CLEAN<\/a>\u00ae setzte Wackler zehn Jahre sp\u00e4ter einen neuen Branchenstandard f\u00fcr nachhaltige Geb\u00e4udereinigung \u2013 ein Konzept, das heute fester Bestandteil des Serviceangebots ist und unseren Kunden standardm\u00e4\u00dfig angeboten wird. Dank dieser Innovationskraft geh\u00f6rt die Wackler Group mittlerweile zu den wenigen Unternehmen weltweit, die mit dem <a href=\"\/nachhaltigkeit\/ecovadis-platin-medaille\/\">EcoVadis Platin-Standard<\/a> f\u00fcr Nachhaltigkeit ausgezeichnet wurden.<\/p>\n\n\n\n<h2 class=\"wp-block-heading\">\n                    Spitzenleistungen in Robotik und ESG-Management<br>\n                <\/h2>\n\n\n\n<p class=\"wp-block-paragraph\">Ein weiteres Highlight, das die Jury \u00fcberzeugte, ist Wacklers fr\u00fchzeitiger Einsatz von Reinigungsrobotern. Bereits seit \u00fcber einem Jahrzehnt integriert das Unternehmen Robotik-L\u00f6sungen in seine Dienstleistungen. Mit der 2024 gegr\u00fcndeten Tochtergesellschaft <a href=\"https:\/\/robo-planet.de\/\" rel=\"noreferrer noopener\" target=\"_blank\">RoboPlanet GmbH<\/a> b\u00fcndelt Wackler diese Expertise in einer eigenen Tochtergesellschaft, die integrierte L\u00f6sungen f\u00fcr Service- und Reinigungsrobotik anbietet.<\/p>\n\n\n\n<p class=\"wp-block-paragraph\">\u201eAus meiner Erfahrung stehen Innovationen immer auf drei S\u00e4ulen: 1. Einer Idee, die ein bisher ungel\u00f6stes Problem l\u00f6st. 2. Die Probleml\u00f6sung muss einen Mehrwert f\u00fcr die Kunden schaffen. 3. Die L\u00f6sung muss marktf\u00e4hig und skalierbar sein. Und nat\u00fcrlich ben\u00f6tigt es ein starkes Team, das innovative Ideen mitgeht und Transformationen umsetzt. Mein Dank gilt daher allen Mitarbeitern der Wackler Group. Diese Auszeichnung ist f\u00fcr uns ein besonderer Ansporn, auch in Zukunft innovative Ideen erfolgreich umzusetzen\u201c, so Peter Blenke.<\/p>\n\n\n\n<h2 class=\"wp-block-heading\">\n                    Innovationskraft als Teil der Unternehmenskultur<br>\n                <\/h2>\n\n\n\n<p class=\"wp-block-paragraph\">Die Auszeichnung unterstreicht den Anspruch der Wackler Group, die Dienstleistungsbranche mit technologischer Exzellenz und nachhaltigen Konzepten aktiv mitzugestalten. Die Kombination aus digitaler Transformation, ESG-Exzellenz und kundenorientierten Servicel\u00f6sungen positioniert Wackler als zukunftssicheren Partner f\u00fcr Unternehmen jeder Branche.<\/p>\n\n\n\n<p class=\"wp-block-paragraph\">Mehr \u00fcber Innovationen bei Wackler finden Sie auf unserer Webseite:<\/p>\n\n\n\n<p class=\"wp-block-paragraph\"><a href=\"\/unternehmen\/innovationen\/\">innovative Dienstleistungen<\/a><\/p>\n\n\n\n<h3 class=\"wp-block-heading\">\n                    \u00dcber den L\u00fcnendonk B2B-Service-Award<br>\n                <\/h3>\n\n\n\n<p class=\"wp-block-paragraph\">Der L\u00fcnendonk B2B-Service-Award wird seit 2011 j\u00e4hrlich in den Kategorien Leistung, Innovation und Lebenswerk verliehen. Die Auszeichnung w\u00fcrdigt Unternehmen, die den Service-Markt durch innovative Gesch\u00e4ftsmodelle und nachhaltigen Markterfolg gepr\u00e4gt haben. Eine unabh\u00e4ngige Jury aus 14 Medienvertreter aus der Wirtschafts- und Fachpresse trifft die Auswahl der Preistr\u00e4ger, zu denen in den letzten Jahren Unternehmen wie bsw. Capgemini, Deloitte und Accenture geh\u00f6rten.<\/p>\n\n\n\n<p class=\"wp-block-paragraph\"><\/p>\n\n\n\n<p class=\"wp-block-paragraph\"><a href=\"https:\/\/www.wackler-group.de\/fileadmin\/corporate\/Downloads\/Pressemeldung_Wackler_Holding_SE_Luenendonk_B2B_Service_Award.pdf\">Zur Pressemitteilung<\/a><\/p>\n\n\n\n<figure class=\"wp-block-image size-full\"><img loading=\"lazy\" decoding=\"async\" width=\"2000\" height=\"1050\" src=\"https:\/\/www.wackler-group.de\/wp-content\/uploads\/2026\/07\/csm_250310_Wackler_Luenendonk_B2B-Service_Award_c8a0d020bc.jpg\" alt=\"\" class=\"wp-image-1560\" srcset=\"https:\/\/www.wackler-group.de\/wp-content\/uploads\/2026\/07\/csm_250310_Wackler_Luenendonk_B2B-Service_Award_c8a0d020bc.jpg 2000w, https:\/\/www.wackler-group.de\/wp-content\/uploads\/2026\/07\/csm_250310_Wackler_Luenendonk_B2B-Service_Award_c8a0d020bc-300x158.jpg 300w, https:\/\/www.wackler-group.de\/wp-content\/uploads\/2026\/07\/csm_250310_Wackler_Luenendonk_B2B-Service_Award_c8a0d020bc-664x349.jpg 664w, https:\/\/www.wackler-group.de\/wp-content\/uploads\/2026\/07\/csm_250310_Wackler_Luenendonk_B2B-Service_Award_c8a0d020bc-1360x714.jpg 1360w\" sizes=\"(max-width: 2000px) 100vw, 2000px\" \/><\/figure>\n\n\n\n<p class=\"wp-block-paragraph\"><em>Peter Blenke, Vorstand\/CEO der Wackler Holding SE (rechts), nimmt den L\u00fcnendonk B2B-Service-Award, \u00fcberreicht von J\u00f6rg Hossenfelder, Gesch\u00e4ftsf\u00fchrer der L\u00fcnendonk &amp; Hossenfelder GmbH, entgegen.&nbsp;\u00a9Jose Poblete<\/em><\/p>\n\n\n\n<figure class=\"wp-block-image size-full\"><img loading=\"lazy\" decoding=\"async\" width=\"700\" height=\"394\" src=\"https:\/\/www.wackler-group.de\/wp-content\/uploads\/2026\/08\/csm_250310-Wackler_Luenendonk_B2B-Service-Award_2_8aa30d74bd.jpg\" alt=\"\" class=\"wp-image-1883\" srcset=\"https:\/\/www.wackler-group.de\/wp-content\/uploads\/2026\/08\/csm_250310-Wackler_Luenendonk_B2B-Service-Award_2_8aa30d74bd.jpg 700w, https:\/\/www.wackler-group.de\/wp-content\/uploads\/2026\/08\/csm_250310-Wackler_Luenendonk_B2B-Service-Award_2_8aa30d74bd-300x169.jpg 300w, https:\/\/www.wackler-group.de\/wp-content\/uploads\/2026\/08\/csm_250310-Wackler_Luenendonk_B2B-Service-Award_2_8aa30d74bd-664x374.jpg 664w\" sizes=\"(max-width: 700px) 100vw, 700px\" \/><\/figure>\n\n\n\n<p class=\"wp-block-paragraph\"><em>Die Preistr\u00e4ger des L\u00fcnendonk B2B-Service-Awards 2025 (v. L. n. R. ): Peter Blenke, Vorstand\/CEO der Wackler Holding SE, Hans Zehetmaier, Gr\u00fcnder der msg Software GmbH, und Dr. Christian Horn, Gesch\u00e4ftsf\u00fchrer von Horn &amp; Company.&nbsp;\u00a9Jose Poblete<\/em><\/p>\n","protected":false},"excerpt":{"rendered":"<p>Die Wackler Group wurde mit dem renommierten L\u00fcnendonk &amp; Hossenfelder B2B-Service-Award 2025 in der Kategorie \u201eInnovation\u201c ausgezeichnet. Die feierliche Preisverleihung fand am 10. M\u00e4rz 2025 in Frankfurt am Main statt, bei der Vorstand\/CEO Peter Blenke den Preis entgegennahm. Diese hochkar\u00e4tige Auszeichnung, deren Preistr\u00e4ger eine Jury aus 14 unabh\u00e4ngigen Fach- und Wirtschaftsjournalisten ausw\u00e4hlt, w\u00fcrdigt die Innovationskraft, [&hellip;]<\/p>\n","protected":false},"featured_media":1560,"template":"","meta":{"_acf_changed":true},"news-category":[38],"class_list":["post-1235","news","type-news","status-publish","has-post-thumbnail","hentry","news-category-news"],"acf":[],"ase":null,"_links":{"self":[{"href":"https:\/\/www.wackler-group.de\/holding\/wp-json\/wp\/v2\/news\/1235","targetHints":{"allow":["GET"]}}],"collection":[{"href":"https:\/\/www.wackler-group.de\/holding\/wp-json\/wp\/v2\/news"}],"about":[{"href":"https:\/\/www.wackler-group.de\/holding\/wp-json\/wp\/v2\/types\/news"}],"wp:featuredmedia":[{"embeddable":true,"href":"https:\/\/www.wackler-group.de\/holding\/wp-json\/wp\/v2\/media\/1560"}],"wp:attachment":[{"href":"https:\/\/www.wackler-group.de\/holding\/wp-json\/wp\/v2\/media?parent=1235"}],"wp:term":[{"taxonomy":"news-category","embeddable":true,"href":"https:\/\/www.wackler-group.de\/holding\/wp-json\/wp\/v2\/news-category?post=1235"}],"curies":[{"name":"wp","href":"https:\/\/api.w.org\/{rel}","templated":true}]}}