{"id":1234,"date":"2025-03-20T00:00:00","date_gmt":"2025-03-19T23:00:00","guid":{"rendered":"https:\/\/www.wackler-group.de\/holding\/wissen-hub\/gesundheitstag-bei-wackler\/"},"modified":"2026-08-18T13:09:03","modified_gmt":"2026-08-18T13:09:03","slug":"gesundheitstag-bei-wackler","status":"publish","type":"news","link":"https:\/\/www.wackler-group.de\/holding\/wissen-hub\/gesundheitstag-bei-wackler\/","title":{"rendered":"Gesundheitstag bei Wackler \u2013 Ein starkes Zeichen f\u00fcr unser Betriebliches Gesundheitsmanagement"},"content":{"rendered":"\n<p class=\"wp-block-paragraph\">Bei Wackler liegt uns die Gesundheit unserer Mitarbeiterinnen und Mitarbeiter am Herzen. Unser Betriebliches Gesundheitsmanagement (BGM) sorgt daf\u00fcr, dass pr\u00e4ventive Ma\u00dfnahmen und gesundheitsf\u00f6rdernde Angebote aktiv in unseren Arbeitsalltag integriert werden. Ein besonderes Event in diesem Rahmen war unser Gesundheitstag in der Wackler Zentrale in M\u00fcnchen gemeinsam mit der DAK S\u00fcdbayern, der ein voller Erfolg wurde.<\/p>\n\n\n\n<h2 class=\"wp-block-heading\">\n                    Gesundheit erleben und verstehen<br>\n                <\/h2>\n\n\n\n<p class=\"wp-block-paragraph\">Unsere Mitarbeiter*innen konnten an verschiedenen Stationen aktiv etwas f\u00fcr ihr Wohlbefinden tun: Neben Cardio-Check, Sehtest und Stresspilot gab es auch Tipps f\u00fcr eine gesunde Ern\u00e4hrung und ein \u201eSmooothie-Bike\u201c mit dem sich gesunde Smoothies durch Muskelkraft herstellen lie\u00dfen.<\/p>\n\n\n\n<p class=\"wp-block-paragraph\">Ein besonderes Highlight war die Teilnahme von Prof. Dr. Weidringer, der als <a href=\"\/wissen-hub\/die-wackler-group-verstaerkt-ihr-betriebliches-gesundheitsmanagement-mit-neuem-beirat\/\">Beirat f\u00fcr betriebliches Gesundheitsmanagement<\/a> der Wackler Holding SE den Tag begleitete und wertvolle Tipps gab.<\/p>\n\n\n\n<h2 class=\"wp-block-heading\">\n                    Warum uns das wichtig ist<br>\n                <\/h2>\n\n\n\n<p class=\"wp-block-paragraph\">Gesundheit am Arbeitsplatz bedeutet mehr als nur ergonomische Arbeitspl\u00e4tze \u2013 sie ist eine Investition in die Motivation, das Wohlbefinden und die Leistungsf\u00e4higkeit unserer Belegschaft. Unser Ziel ist es, eine gesundheitsbewusste Unternehmenskultur zu f\u00f6rdern und langfristig das Wohl unserer Teams zu st\u00e4rken.<\/p>\n\n\n\n<p class=\"wp-block-paragraph\">Wir danken allen Teilnehmer*innen und freuen uns bereits auf den n\u00e4chsten Gesundheitstag!<\/p>\n\n\n\n\n","protected":false},"excerpt":{"rendered":"<p>Bei Wackler liegt uns die Gesundheit unserer Mitarbeiterinnen und Mitarbeiter am Herzen. Unser Betriebliches Gesundheitsmanagement (BGM) sorgt daf\u00fcr, dass pr\u00e4ventive Ma\u00dfnahmen und gesundheitsf\u00f6rdernde Angebote aktiv in unseren Arbeitsalltag integriert werden. Ein besonderes Event in diesem Rahmen war unser Gesundheitstag in der Wackler Zentrale in M\u00fcnchen gemeinsam mit der DAK S\u00fcdbayern, der ein voller Erfolg wurde. [&hellip;]<\/p>\n","protected":false},"featured_media":1558,"template":"","meta":{"_acf_changed":true},"news-category":[38],"class_list":["post-1234","news","type-news","status-publish","has-post-thumbnail","hentry","news-category-news"],"acf":[],"ase":null,"_links":{"self":[{"href":"https:\/\/www.wackler-group.de\/holding\/wp-json\/wp\/v2\/news\/1234","targetHints":{"allow":["GET"]}}],"collection":[{"href":"https:\/\/www.wackler-group.de\/holding\/wp-json\/wp\/v2\/news"}],"about":[{"href":"https:\/\/www.wackler-group.de\/holding\/wp-json\/wp\/v2\/types\/news"}],"wp:featuredmedia":[{"embeddable":true,"href":"https:\/\/www.wackler-group.de\/holding\/wp-json\/wp\/v2\/media\/1558"}],"wp:attachment":[{"href":"https:\/\/www.wackler-group.de\/holding\/wp-json\/wp\/v2\/media?parent=1234"}],"wp:term":[{"taxonomy":"news-category","embeddable":true,"href":"https:\/\/www.wackler-group.de\/holding\/wp-json\/wp\/v2\/news-category?post=1234"}],"curies":[{"name":"wp","href":"https:\/\/api.w.org\/{rel}","templated":true}]}}