{"id":1223,"date":"2025-07-01T00:00:00","date_gmt":"2025-06-30T22:00:00","guid":{"rendered":"https:\/\/www.wackler-group.de\/holding\/wissen-hub\/verstaerkung-in-der-geschaeftsfuehrung-jens-riemann-38-erweitert-die-geschaeftsfuehrung-der-wackler-service-group-zum-01072025\/"},"modified":"2026-08-18T13:03:04","modified_gmt":"2026-08-18T13:03:04","slug":"verstaerkung-in-der-geschaeftsfuehrung-jens-riemann-38-erweitert-die-geschaeftsfuehrung-der-wackler-service-group-zum-01072025","status":"publish","type":"news","link":"https:\/\/www.wackler-group.de\/holding\/wissen-hub\/verstaerkung-in-der-geschaeftsfuehrung-jens-riemann-38-erweitert-die-geschaeftsfuehrung-der-wackler-service-group-zum-01072025\/","title":{"rendered":"Verst\u00e4rkung in der Gesch\u00e4ftsf\u00fchrung: Jens Riemann (38) erweitert die Gesch\u00e4ftsf\u00fchrung der Wackler Service Group zum 01.07.2025"},"content":{"rendered":"\n<h3 class=\"wp-block-heading\">\n\t\t\t\tJens Riemann verst\u00e4rkt ab Juli 2025 die Gesch\u00e4ftsf\u00fchrung der Wackler Service Group an der Seite von Manfred von Dahlen und Andr\u00e9 Pfl\u00fcger.<br>\n\t\t\t<\/h3>\n\n\n\n<p class=\"wp-block-paragraph\">Mit dieser Ernennung setzt die Wackler Group ein klares Signal f\u00fcr Kontinuit\u00e4t und Kompetenz aus den eigenen Reihen. Jens Riemann bringt \u00fcber 20 Jahre Branchenerfahrung in der Geb\u00e4udereinigung mit, davon 18 Jahre bei Wackler. Als ein echtes Wackler-\u201eGew\u00e4chs\u201c ist sein Weg von kontinuierlicher Weiterentwicklung gepr\u00e4gt &#8211; vom Objektleiter bis zum Gesch\u00e4ftsf\u00fchrer &#8211; und zeigt beispielhaft, wie das Unternehmen Wackler Talente langfristig f\u00f6rdert.<\/p>\n\n\n\n<p class=\"wp-block-paragraph\">In den vergangenen Jahren war Jens Riemann unter anderem als Key Account Manager, Niederlassungsleiter und zuletzt als Regionalleiter erfolgreich in der Wackler Service Group t\u00e4tig und bewies als Sprecher der Regionalleitung strategisches Geschick und Teamst\u00e4rke. Auf seine neue Aufgabe hat er sich auch durch die Business School St. Gallen optimal vorbereitet.<\/p>\n\n\n\n<p class=\"wp-block-paragraph\">\u201e2007 als 21-j\u00e4hriger Objektleiter gestartet, hatte ich bereits damals gro\u00dfe Ambitionen, mich weiterzuentwickeln und mehr zu erreichen. Ich konnte seit dieser Zeit viele Unternehmensbereiche kennenlernen und so mein Wissen stetig erweitern. Ob im Vertrieb, in der Objektleitung oder in der operativen F\u00fchrung \u2013 die Wackler Group hat mir immer wieder Vertrauen und Entwicklungsm\u00f6glichkeiten geboten\u201c, sagt Jens Riemann \u00fcber seinen Weg. Seine Ziele verfolgt er dabei stets konsequent und engagiert. So wurde er bei seinem Abschluss zum Geb\u00e4udereiniger-Meister 2017 als Jahrgangsbester in der Region Dresden geehrt \u2013 eine Auszeichnung, die seine fachliche Exzellenz unterstreicht.<\/p>\n\n\n\n<p class=\"wp-block-paragraph\">Jens Riemann verfolgt mit seiner neuen Rolle ein klares Ziel: \u201eIch freue mich, die Zukunft, die Entwicklung und den Erfolg der Wackler Service Group weiter auszubauen. Dem Unternehmen, das mich gef\u00f6rdert und geformt hat, m\u00f6chte ich etwas zur\u00fcckgeben und unseren Weg in eine nachhaltige, innovative und kundenorientierte Zukunft weiter aktiv mitgestalten.\u201c<\/p>\n\n\n\n<p class=\"wp-block-paragraph\">\u201eEs ist mir eine besondere Freude, dass Herr Riemann als ein langj\u00e4hriger, erfolgreicher Mitarbeiter den Sprung in die Gesch\u00e4ftsleitung geschafft hat\u201c, so Peter Blenke, CEO \/ Vorstand der Wackler Holding SE.<\/p>\n\n\n\n<p class=\"wp-block-paragraph\"><a href=\"https:\/\/www.wackler-group.de\/fileadmin\/corporate\/Downloads\/PM_Wackler_Riemann_GF_FINAL.pdf\">Zur Pressemitteilung<\/a><\/p>\n\n\n\n<figure class=\"wp-block-image size-full\"><img loading=\"lazy\" decoding=\"async\" width=\"700\" height=\"934\" src=\"https:\/\/www.wackler-group.de\/wp-content\/uploads\/2026\/08\/csm_Wackler_PeterBlenke_JensRiemann_3a8a0ad720.jpg\" alt=\"\" class=\"wp-image-1859\" srcset=\"https:\/\/www.wackler-group.de\/wp-content\/uploads\/2026\/08\/csm_Wackler_PeterBlenke_JensRiemann_3a8a0ad720.jpg 700w, https:\/\/www.wackler-group.de\/wp-content\/uploads\/2026\/08\/csm_Wackler_PeterBlenke_JensRiemann_3a8a0ad720-300x400.jpg 300w, https:\/\/www.wackler-group.de\/wp-content\/uploads\/2026\/08\/csm_Wackler_PeterBlenke_JensRiemann_3a8a0ad720-664x886.jpg 664w\" sizes=\"(max-width: 700px) 100vw, 700px\" \/><\/figure>\n\n\n\n<figcaption>\n\t\t\tWackler Vorstand \/ CEO Peter Blenke (rechts) hei\u00dft Jens Riemann (links) herzlich in der Gesch\u00e4ftsf\u00fchrung willkommen<br>\n\t\t<\/figcaption>\n\n\n\n<h2 class=\"wp-block-heading\">\n                    Dienstleistungen und Karrierem\u00f6glichkeiten bei Wackler<br>\n                <\/h2>\n\n\n\n<p class=\"wp-block-paragraph\"><strong>Mehr \u00fcber unsere Dienstleistungen und Karrierem\u00f6glichkeiten finden Sie unter:<\/strong><\/p>\n\n\n\n<p class=\"wp-block-paragraph\"> <a href=\"\/\" target=\"_new\">wackler-group.de<\/a><\/p>\n","protected":false},"excerpt":{"rendered":"<p>Jens Riemann verst\u00e4rkt ab Juli 2025 die Gesch\u00e4ftsf\u00fchrung der Wackler Service Group an der Seite von Manfred von Dahlen und Andr\u00e9 Pfl\u00fcger. Mit dieser Ernennung setzt die Wackler Group ein klares Signal f\u00fcr Kontinuit\u00e4t und Kompetenz aus den eigenen Reihen. Jens Riemann bringt \u00fcber 20 Jahre Branchenerfahrung in der Geb\u00e4udereinigung mit, davon 18 Jahre bei [&hellip;]<\/p>\n","protected":false},"featured_media":1536,"template":"","meta":{"_acf_changed":true},"news-category":[38],"class_list":["post-1223","news","type-news","status-publish","has-post-thumbnail","hentry","news-category-news"],"acf":[],"ase":null,"_links":{"self":[{"href":"https:\/\/www.wackler-group.de\/holding\/wp-json\/wp\/v2\/news\/1223","targetHints":{"allow":["GET"]}}],"collection":[{"href":"https:\/\/www.wackler-group.de\/holding\/wp-json\/wp\/v2\/news"}],"about":[{"href":"https:\/\/www.wackler-group.de\/holding\/wp-json\/wp\/v2\/types\/news"}],"wp:featuredmedia":[{"embeddable":true,"href":"https:\/\/www.wackler-group.de\/holding\/wp-json\/wp\/v2\/media\/1536"}],"wp:attachment":[{"href":"https:\/\/www.wackler-group.de\/holding\/wp-json\/wp\/v2\/media?parent=1223"}],"wp:term":[{"taxonomy":"news-category","embeddable":true,"href":"https:\/\/www.wackler-group.de\/holding\/wp-json\/wp\/v2\/news-category?post=1223"}],"curies":[{"name":"wp","href":"https:\/\/api.w.org\/{rel}","templated":true}]}}