{"id":1216,"date":"2025-08-14T00:00:00","date_gmt":"2025-08-13T22:00:00","guid":{"rendered":"https:\/\/www.wackler-group.de\/holding\/wissen-hub\/wackler-unterstuetzt-das-waldumbauprojekt-schoeneiche\/"},"modified":"2026-08-18T12:58:42","modified_gmt":"2026-08-18T12:58:42","slug":"wackler-unterstuetzt-das-waldumbauprojekt-schoeneiche","status":"publish","type":"news","link":"https:\/\/www.wackler-group.de\/holding\/wissen-hub\/wackler-unterstuetzt-das-waldumbauprojekt-schoeneiche\/","title":{"rendered":"Wackler unterst\u00fctzt das Waldumbauprojekt Sch\u00f6neiche"},"content":{"rendered":"\n<h3 class=\"wp-block-heading\">\n\t\t\t\tUnser Klimabeitrag f\u00fcr widerstandsf\u00e4hige Mischw\u00e4lder und CO2-Speicherung<br>\n\t\t\t<\/h3>\n\n\n\n<p class=\"wp-block-paragraph\">Nachhaltigkeit ist f\u00fcr die Wackler Group kein Modewort \u2013 sondern ein klarer Auftrag und gelebte Verantwortung. Deshalb haben wir uns freiwillig dazu verpflichtet, bis 2045 <a href=\"\/wissen-hub\/science-based-targets-initiative-validiert-wacklers-klimaziele\/\">Netto-Null-Emissionen<\/a> entlang der gesamten Wertsch\u00f6pfungskette zu erreichen \u2013 mit wissenschaftsbasierten, von der Science Based Targets Initiative validierten Klimazielen, die im Einklang mit dem 1,5-Grad-Ziel des Pariser Klima-Abkommens stehen.<\/p>\n\n\n\n<p class=\"wp-block-paragraph\">Doch Klimaschutz endet nicht bei internen Ma\u00dfnahmen. Die Wackler Group investiert in diesem Jahr gezielt in naturbasierte L\u00f6sungen \u2013 wie das Waldumbauprojekt Sch\u00f6neiche in Brandenburg, das wir mit einem f\u00fcnfstelligen finanziellen Beitrag unterst\u00fctzen.<\/p>\n\n\n\n<h2 class=\"wp-block-heading\">\n                    Von der Monokultur zum klimaresilienten Mischwald: das Waldumbauprojekt Sch\u00f6neiche<br>\n                <\/h2>\n\n\n\n<p class=\"wp-block-paragraph\">Mit unserem Klimabeitrag f\u00fcr das Projekt Sch\u00f6neiche der Organisation Pina Earth helfen wir,<br> 260 Hektar instabile Kiefern-Monokultur in Gebersdorf, s\u00fcdlich von Berlin, zu einem klimaresilienten Mischwald mit Buchen, Eiche und Ahorn umzubauen und so fit f\u00fcr den Klimawandel zu machen.<\/p>\n\n\n\n<p class=\"wp-block-paragraph\">In den n\u00e4chsten 30 Jahren wird dieser neue Wald mehr als 39.000 Tonnen CO\u2082 zus\u00e4tzlich aus der Atmosph\u00e4re binden. Doch das Projekt bewirkt mehr als nur CO\u2082-Reduktion: Es sch\u00fctzt Grundwasser, f\u00f6rdert Biodiversit\u00e4t und schafft widerstandsf\u00e4hige \u00d6kosysteme \u2013 ganz im Sinne der UN-Nachhaltigkeitsziele.<\/p>\n\n\n\n<p class=\"wp-block-paragraph\">\u201cWissenschaftlich fundierte Klimaziele wie die der SBTi und konkrete Ma\u00dfnahmen vor Ort wie in Sch\u00f6neiche geh\u00f6ren zusammen. Nur so schaffen wir echten Fortschritt \u2013 f\u00fcr das Klima, f\u00fcr die Umwelt und f\u00fcr kommende Generationen,\u201c so Peter Blenke, Vorstand\/CEO der Wackler Holding SE.<\/p>\n\n\n\n<p class=\"wp-block-paragraph\">F\u00fcr Wackler ist Nachhaltigkeit gelebte Verantwortung. Sie speist sich aus vielen konkreten Ma\u00dfnahmen und Projekten, geht weit \u00fcber gesetzliche Vorgaben hinaus: Sie schafft echten Mehrwert f\u00fcr Umwelt, Gesellschaft und kommende Generationen. Mehr Informationen finden Sie in unserem Nachhaltigkeitsbericht:<\/p>\n\n\n\n<p class=\"wp-block-paragraph\"><a href=\"\/nachhaltigkeit\/\">Nachhaltigkeitsbericht 2023\/2024<\/a><\/p>\n\n\n\n<figure class=\"wp-block-image size-full\"><img loading=\"lazy\" decoding=\"async\" width=\"2000\" height=\"1050\" src=\"https:\/\/www.wackler-group.de\/wp-content\/uploads\/2026\/07\/csm_Projekt_Schoeneiche2_526705cef8.png\" alt=\"\" class=\"wp-image-1522\" srcset=\"https:\/\/www.wackler-group.de\/wp-content\/uploads\/2026\/07\/csm_Projekt_Schoeneiche2_526705cef8.png 2000w, https:\/\/www.wackler-group.de\/wp-content\/uploads\/2026\/07\/csm_Projekt_Schoeneiche2_526705cef8-300x158.png 300w, https:\/\/www.wackler-group.de\/wp-content\/uploads\/2026\/07\/csm_Projekt_Schoeneiche2_526705cef8-664x349.png 664w, https:\/\/www.wackler-group.de\/wp-content\/uploads\/2026\/07\/csm_Projekt_Schoeneiche2_526705cef8-1360x714.png 1360w\" sizes=\"(max-width: 2000px) 100vw, 2000px\" \/><\/figure>\n\n\n\n<h3 class=\"wp-block-heading\">\n                    \u00dcber Pina Earth<br>\n                <\/h3>\n\n\n\n<p class=\"wp-block-paragraph\">Pina Earth entwickelt zertifizierte Klimaschutzprojekte mit dem Ziel, W\u00e4lder in Europa klimaresilient zu gestalten. Durch ihre Projekte wird zus\u00e4tzliches CO<sub>2<\/sub> gespeichert, indem sie W\u00e4lder biodivers und klimaresilient machen. Die digitale Plattform von Pina Earth erm\u00f6glicht es, in hochwertige CO<sub>2<\/sub>-Zertifikate zu investieren, und zwar lokal vor Ort. Die Wald-Klimaschutzprojekte folgen den Richtlinien eines Standards (ISO-Standard 14064-2 und\/ oder Wald-Klimastandard) und sind vom T\u00dcV Nord validiert, sodass h\u00f6chste Qualit\u00e4tskriterien erf\u00fcllt werden.<\/p>\n","protected":false},"excerpt":{"rendered":"<p>Unser Klimabeitrag f\u00fcr widerstandsf\u00e4hige Mischw\u00e4lder und CO2-Speicherung Nachhaltigkeit ist f\u00fcr die Wackler Group kein Modewort \u2013 sondern ein klarer Auftrag und gelebte Verantwortung. Deshalb haben wir uns freiwillig dazu verpflichtet, bis 2045 Netto-Null-Emissionen entlang der gesamten Wertsch\u00f6pfungskette zu erreichen \u2013 mit wissenschaftsbasierten, von der Science Based Targets Initiative validierten Klimazielen, die im Einklang mit dem [&hellip;]<\/p>\n","protected":false},"featured_media":1522,"template":"","meta":{"_acf_changed":true},"news-category":[38],"class_list":["post-1216","news","type-news","status-publish","has-post-thumbnail","hentry","news-category-news"],"acf":[],"ase":null,"_links":{"self":[{"href":"https:\/\/www.wackler-group.de\/holding\/wp-json\/wp\/v2\/news\/1216","targetHints":{"allow":["GET"]}}],"collection":[{"href":"https:\/\/www.wackler-group.de\/holding\/wp-json\/wp\/v2\/news"}],"about":[{"href":"https:\/\/www.wackler-group.de\/holding\/wp-json\/wp\/v2\/types\/news"}],"wp:featuredmedia":[{"embeddable":true,"href":"https:\/\/www.wackler-group.de\/holding\/wp-json\/wp\/v2\/media\/1522"}],"wp:attachment":[{"href":"https:\/\/www.wackler-group.de\/holding\/wp-json\/wp\/v2\/media?parent=1216"}],"wp:term":[{"taxonomy":"news-category","embeddable":true,"href":"https:\/\/www.wackler-group.de\/holding\/wp-json\/wp\/v2\/news-category?post=1216"}],"curies":[{"name":"wp","href":"https:\/\/api.w.org\/{rel}","templated":true}]}}