{"id":1207,"date":"2025-10-16T00:00:00","date_gmt":"2025-10-15T22:00:00","guid":{"rendered":"https:\/\/www.wackler-group.de\/holding\/wissen-hub\/wackler-sauber-unterwegs\/"},"modified":"2026-08-18T12:52:15","modified_gmt":"2026-08-18T12:52:15","slug":"wackler-sauber-unterwegs","status":"publish","type":"news","link":"https:\/\/www.wackler-group.de\/holding\/wissen-hub\/wackler-sauber-unterwegs\/","title":{"rendered":"WACKLER sauber unterwegs \u2013 Unser Team beim Stadtradeln"},"content":{"rendered":"\n<p class=\"wp-block-paragraph\">Auch in diesem Jahr war die Wackler Group beim STADTRADELN dabei. Unser Team \u201eWACKLER sauber unterwegs\u201c stellte sich gemeinsam der Challenge beim Stadtradeln <a href=\"\/standorte\/chemnitz\/\">Chemnitz<\/a>, dem Sitz unserer zweiten Unternehmenszentrale neben <a href=\"\/standorte\/muenchen\/\">M\u00fcnchen<\/a>.<\/p>\n\n\n\n<p class=\"wp-block-paragraph\">Gemeinsam legte unser Team beeindruckende 3.108 Kilometer zur\u00fcck und setze damit ein starkes Zeichen f\u00fcr nachhaltige Mobilit\u00e4t. Mit Teamgeist, Motivation und einer ordentlichen Portion Ausdauer haben die Kolleginnen und Kollegen nicht nur zum Klimaschutz beigetragen, sondern auch gezeigt, wie viel Freude Radfahren machen kann. Den flei\u00dfigsten Radlerinnen und Radler winkten als Anerkennung wieder sportliche Preise.<\/p>\n\n\n\n<p class=\"wp-block-paragraph\">Das STADTRADELN ist ein bundesweiter Wettbewerb, bei dem es darum geht, an 21 aufeinanderfolgenden Tagen m\u00f6glichst viele Alltagswege klimafreundlich mit dem Fahrrad zur\u00fcckzulegen.<\/p>\n\n\n\n<p class=\"wp-block-paragraph\">Ein herzliches Dankesch\u00f6n geht an alle Teilnehmerinnen und Teilnehmer unseres Teams, die flei\u00dfig in die Pedale getreten und so zum gro\u00dfartigen Teamergebnis beigetragen haben.<\/p>\n\n\n\n<p class=\"wp-block-paragraph\"><strong>Wir gratulieren herzlich und sind stolz auf das gesamte Team von \u201eWACKLER sauber unterwegs\u201c!<\/strong><\/p>\n\n\n\n<p class=\"wp-block-paragraph\"><a href=\"\/nachhaltigkeit\/\">Nachhaltigkeit bei Wackler<\/a><\/p>\n\n\n\n<p class=\"wp-block-paragraph\"><a href=\"\/wissen-hub\/die-wackler-group-verstaerkt-ihr-betriebliches-gesundheitsmanagement-mit-neuem-beirat\/\">Unser Gesundheitsmanagement<\/a><\/p>\n\n\n\n<figure class=\"wp-block-image size-full\"><img loading=\"lazy\" decoding=\"async\" width=\"2000\" height=\"1050\" src=\"https:\/\/www.wackler-group.de\/wp-content\/uploads\/2026\/07\/csm_Stadtradeln_2a042eb3f0.png\" alt=\"\" class=\"wp-image-1504\" srcset=\"https:\/\/www.wackler-group.de\/wp-content\/uploads\/2026\/07\/csm_Stadtradeln_2a042eb3f0.png 2000w, https:\/\/www.wackler-group.de\/wp-content\/uploads\/2026\/07\/csm_Stadtradeln_2a042eb3f0-300x158.png 300w, https:\/\/www.wackler-group.de\/wp-content\/uploads\/2026\/07\/csm_Stadtradeln_2a042eb3f0-664x349.png 664w, https:\/\/www.wackler-group.de\/wp-content\/uploads\/2026\/07\/csm_Stadtradeln_2a042eb3f0-1360x714.png 1360w\" sizes=\"(max-width: 2000px) 100vw, 2000px\" \/><\/figure>\n","protected":false},"excerpt":{"rendered":"<p>Auch in diesem Jahr war die Wackler Group beim STADTRADELN dabei. Unser Team \u201eWACKLER sauber unterwegs\u201c stellte sich gemeinsam der Challenge beim Stadtradeln Chemnitz, dem Sitz unserer zweiten Unternehmenszentrale neben M\u00fcnchen. Gemeinsam legte unser Team beeindruckende 3.108 Kilometer zur\u00fcck und setze damit ein starkes Zeichen f\u00fcr nachhaltige Mobilit\u00e4t. Mit Teamgeist, Motivation und einer ordentlichen Portion [&hellip;]<\/p>\n","protected":false},"featured_media":1504,"template":"","meta":{"_acf_changed":true},"news-category":[38],"class_list":["post-1207","news","type-news","status-publish","has-post-thumbnail","hentry","news-category-news"],"acf":[],"ase":null,"_links":{"self":[{"href":"https:\/\/www.wackler-group.de\/holding\/wp-json\/wp\/v2\/news\/1207","targetHints":{"allow":["GET"]}}],"collection":[{"href":"https:\/\/www.wackler-group.de\/holding\/wp-json\/wp\/v2\/news"}],"about":[{"href":"https:\/\/www.wackler-group.de\/holding\/wp-json\/wp\/v2\/types\/news"}],"wp:featuredmedia":[{"embeddable":true,"href":"https:\/\/www.wackler-group.de\/holding\/wp-json\/wp\/v2\/media\/1504"}],"wp:attachment":[{"href":"https:\/\/www.wackler-group.de\/holding\/wp-json\/wp\/v2\/media?parent=1207"}],"wp:term":[{"taxonomy":"news-category","embeddable":true,"href":"https:\/\/www.wackler-group.de\/holding\/wp-json\/wp\/v2\/news-category?post=1207"}],"curies":[{"name":"wp","href":"https:\/\/api.w.org\/{rel}","templated":true}]}}