{"id":1196,"date":"2026-01-08T00:00:00","date_gmt":"2026-01-07T23:00:00","guid":{"rendered":"https:\/\/www.wackler-group.de\/holding\/wissen-hub\/wackler-holding-se-erweitert-fuehrungsriege\/"},"modified":"2026-08-18T12:44:58","modified_gmt":"2026-08-18T12:44:58","slug":"wackler-holding-se-erweitert-fuehrungsriege","status":"publish","type":"news","link":"https:\/\/www.wackler-group.de\/holding\/wissen-hub\/wackler-holding-se-erweitert-fuehrungsriege\/","title":{"rendered":"Wackler Holding SE erweitert F\u00fchrungsriege"},"content":{"rendered":"\n<h3 class=\"wp-block-heading\">\n\t\t\t\tManfred von Dahlen und Markus Mayr r\u00fccken in den Vorstand auf<br>\n\t\t\t<\/h3>\n\n\n\n<p class=\"wp-block-paragraph\"><strong>Die Wackler Holding SE erweitert zum 1. Januar 2026 die Vorstandsebene und ernennt Manfred von Dahlen zum Chief Operating Officer (COO) und Markus Mayr zum Chief Financial Officer (CFO). Mit der strukturellen Weiterentwicklung setzt der Aufsichtsrat zusammen mit dem Vorstandsvorsitzenden Peter Blenke (CEO) ein deutliches Zeichen f\u00fcr Kontinuit\u00e4t, Stabilit\u00e4t und eine zukunftsstarke F\u00fchrung der Wackler-Unternehmensgruppe.<\/strong><\/p>\n\n\n\n<p class=\"wp-block-paragraph\">\u201eIch freue mich sehr \u00fcber diese Entwicklung, denn mit Manfred von Dahlen und Markus Mayr verst\u00e4rken zwei erfahrene und hochgesch\u00e4tzte F\u00fchrungspers\u00f6nlichkeiten aus den eigenen Reihen k\u00fcnftig den Vorstand der Wackler Holding SE&#8220;, sagt Peter Blenke, CEO und Vorstandsvorsitzender der Wackler Holding SE.<\/p>\n\n\n\n<p class=\"wp-block-paragraph\"><strong>Peter Blenke<\/strong> trat 2004 in das Unternehmen ein und ist seit 2009 alleiniger Vorstand (CEO).&nbsp; In dieser Zeit baute er die Wackler-Unternehmensgruppe von einem regionalen Geb\u00e4udedienstleister hin zu einem bundesweit f\u00fchrenden Multi-Brand-Dienstleistungsunternehmen aus. Als Vorstandsvorsitzender bestimmt Herr Blenke die Richtlinien der Unternehmenspolitik und verantwortet insoweit weiterhin die strategische Ausrichtung und den Erfolg der Wackler Group und ihrer einzelnen Gesellschaften.<\/p>\n\n\n\n<p class=\"wp-block-paragraph\"><strong>Markus Mayr<\/strong> \u00fcbernimmt als Vorstandsmitglied und CFO das Ressort Finanzen<strong>, <\/strong>Controlling, Einkauf und Digitalisierung\/IT innerhalb der Wackler Holding SE. Er kam 2012 ins Unternehmen und war als Bereichsleiter und Prokurist der Wackler Holding SE bereits bisher f\u00fcr Finanzen, Controlling und Einkauf zust\u00e4ndig.<\/p>\n\n\n\n<p class=\"wp-block-paragraph\"><strong>Manfred von Dahlen<\/strong> \u00fcbernimmt als Vorstandsmitglied und COO k\u00fcnftig das Ressort des operativen Betriebs in der Unternehmensgruppe. Er ist seit 2016 im Unternehmen und war zuletzt Vorsitzender der Gesch\u00e4ftsf\u00fchrung der Wackler Service Group GmbH &amp; Co.KG, einer Tochtergesellschaft der Wackler Holding SE, die zu den f\u00fchrenden Facility-Service-Unternehmen in Deutschland z\u00e4hlt.<\/p>\n\n\n\n<p class=\"wp-block-paragraph\">&nbsp;\u201eMit der Erweiterung des Vorstands stellen wir fr\u00fchzeitig entscheidende Weichen im Hinblick auf meine Nachfolgeregelung zum Januar 2028 und damit f\u00fcr die Zukunft der Wackler-Unternehmensgruppe\u201c, sagt der Vorstandsvorsitzender Peter Blenke. \u201eDie neue Struktur schafft langfristige Stabilit\u00e4t in der F\u00fchrung und sichert die Kontinuit\u00e4t, die ein Unternehmen unserer Gr\u00f6\u00dfe braucht\u201c. Weiter betont er: \u201eF\u00fcr unsere Kunden bedeutet dieser Schritt ein klares Versprechen: Wir bleiben ein verl\u00e4sslicher Partner, der f\u00fcr Service-Qualit\u00e4t, Innovation und Nachhaltigkeit steht.\u201c<\/p>\n\n\n\n<figure class=\"wp-block-image size-full\"><img loading=\"lazy\" decoding=\"async\" width=\"2000\" height=\"1050\" src=\"https:\/\/www.wackler-group.de\/wp-content\/uploads\/2026\/07\/csm_Wackler_Vorstand_b215f3edd2.jpg\" alt=\"\" class=\"wp-image-1482\" srcset=\"https:\/\/www.wackler-group.de\/wp-content\/uploads\/2026\/07\/csm_Wackler_Vorstand_b215f3edd2.jpg 2000w, https:\/\/www.wackler-group.de\/wp-content\/uploads\/2026\/07\/csm_Wackler_Vorstand_b215f3edd2-300x158.jpg 300w, https:\/\/www.wackler-group.de\/wp-content\/uploads\/2026\/07\/csm_Wackler_Vorstand_b215f3edd2-664x349.jpg 664w, https:\/\/www.wackler-group.de\/wp-content\/uploads\/2026\/07\/csm_Wackler_Vorstand_b215f3edd2-1360x714.jpg 1360w\" sizes=\"(max-width: 2000px) 100vw, 2000px\" \/><\/figure>\n\n\n\n<figcaption>\n\t\t\tVorstand \/ CFO Markus Mayr, Vorstandsvorsitzender \/ CEO Peter Blenke, Vorstand  \/COO Manfred von Dahlen. (v.l.n.r.)<br>\n\t\t<\/figcaption>\n","protected":false},"excerpt":{"rendered":"<p>Manfred von Dahlen und Markus Mayr r\u00fccken in den Vorstand auf Die Wackler Holding SE erweitert zum 1. Januar 2026 die Vorstandsebene und ernennt Manfred von Dahlen zum Chief Operating Officer (COO) und Markus Mayr zum Chief Financial Officer (CFO). Mit der strukturellen Weiterentwicklung setzt der Aufsichtsrat zusammen mit dem Vorstandsvorsitzenden Peter Blenke (CEO) ein [&hellip;]<\/p>\n","protected":false},"featured_media":1482,"template":"","meta":{"_acf_changed":true},"news-category":[38],"class_list":["post-1196","news","type-news","status-publish","has-post-thumbnail","hentry","news-category-news"],"acf":[],"ase":null,"_links":{"self":[{"href":"https:\/\/www.wackler-group.de\/holding\/wp-json\/wp\/v2\/news\/1196","targetHints":{"allow":["GET"]}}],"collection":[{"href":"https:\/\/www.wackler-group.de\/holding\/wp-json\/wp\/v2\/news"}],"about":[{"href":"https:\/\/www.wackler-group.de\/holding\/wp-json\/wp\/v2\/types\/news"}],"wp:featuredmedia":[{"embeddable":true,"href":"https:\/\/www.wackler-group.de\/holding\/wp-json\/wp\/v2\/media\/1482"}],"wp:attachment":[{"href":"https:\/\/www.wackler-group.de\/holding\/wp-json\/wp\/v2\/media?parent=1196"}],"wp:term":[{"taxonomy":"news-category","embeddable":true,"href":"https:\/\/www.wackler-group.de\/holding\/wp-json\/wp\/v2\/news-category?post=1196"}],"curies":[{"name":"wp","href":"https:\/\/api.w.org\/{rel}","templated":true}]}}