{"id":1185,"date":"2026-04-28T00:00:00","date_gmt":"2026-04-27T22:00:00","guid":{"rendered":"https:\/\/www.wackler-group.de\/holding\/wissen-hub\/28-april-internationaler-tag-fuer-sicherheit-und-gesundheit-am-arbeitsplatz\/"},"modified":"2026-08-18T12:39:19","modified_gmt":"2026-08-18T12:39:19","slug":"28-april-internationaler-tag-fuer-sicherheit-und-gesundheit-am-arbeitsplatz","status":"publish","type":"news","link":"https:\/\/www.wackler-group.de\/holding\/wissen-hub\/28-april-internationaler-tag-fuer-sicherheit-und-gesundheit-am-arbeitsplatz\/","title":{"rendered":"28. April: Internationaler Tag f\u00fcr Sicherheit und Gesundheit am Arbeitsplatz"},"content":{"rendered":"\n<h3 class=\"wp-block-heading\">\n\t\t\t\tWarum Gesundheitsschutz und Arbeitssicherheit bei Wackler im Mittelpunkt stehen<br>\n\t\t\t<\/h3>\n\n\n\n<p class=\"wp-block-paragraph\">Am 28. April ist der Internationale Tag f\u00fcr Sicherheit und Gesundheit am Arbeitsplatz \u2013 ein wichtiger Anlass, um das Bewusstsein f\u00fcr gesundheitsf\u00f6rderliche Arbeitsbedingungen zu st\u00e4rken. Auch bei der Wackler Group hat das Thema Arbeitsschutz h\u00f6chste Priorit\u00e4t: Denn unsere Mitarbeiter*innen sind unser wertvollstes Kapital \u2013 und ihre Sicherheit ist unser Anspruch.<\/p>\n\n\n\n<h2 class=\"wp-block-heading\">\n                    Gesundheit und Sicherheit sind Teil unserer DNA<br>\n                <\/h2>\n\n\n\n<p class=\"wp-block-paragraph\">Als Multi-Brand-Dienstleistungsunternehmen in den Bereichen <a href=\"\/facility-management\/\">Facility Management<\/a>, <a href=\"\/gebaeudereinigung\/\">Geb\u00e4udereinigung<\/a>, <a href=\"https:\/\/robo-planet.de\/\" rel=\"noreferrer noopener\" target=\"_blank\">Robotik<\/a>, <a href=\"\/security\/\">Sicherheits<\/a>&#8211; und <a href=\"https:\/\/wackler-personal.de\" rel=\"noreferrer noopener\" target=\"_blank\">Personaldienstleistungen<\/a> sowie <a href=\"https:\/\/www.conclimate.com\/\" rel=\"noreferrer noopener\" target=\"_blank\">Consulting f\u00fcr ESG-Themen und Transformation<\/a>&nbsp;und <a href=\"https:\/\/welcome.substain.com\/\" rel=\"noreferrer noopener\" target=\"_blank\">ESG-Software<\/a> sind unsere Mitarbeiterinnen und Mitarbeiter unser wertvollstes Gut. Deshalb ist Arbeitssicherheit bei uns kein Zusatz, sondern integraler Bestandteil der Unternehmenskultur.<\/p>\n\n\n\n<p class=\"wp-block-paragraph\">Unsere Ma\u00dfnahmen im \u00dcberblick:<\/p>\n\n\n\n<ul class=\"wp-block-list\">\n<li><strong>Betriebliches Gesundheitsmanagement:<\/strong> Gemeinsam mit dem <a href=\"\/wissen-hub\/die-wackler-group-verstaerkt-ihr-betriebliches-gesundheitsmanagement-mit-neuem-beirat\/\">Beirat f\u00fcr Betriebliches Gesundheitsmanagement<\/a> der Wackler Group, Prof. Dr. Weidringer, bieten wir verschiedene Angebote rund um das Thema Gesundheit, wie regelm\u00e4\u00dfige Gesundheitstage, Informations- und Beratungsangebote.<\/li>\n\n\n\n<li><strong>Schulungen zum Thema Arbeitssicherheit:<\/strong> Die Abteilung Organisationsentwicklung bietet regelm\u00e4\u00dfig praxisnahe Schulungen zu Themen wie Ersthelfer- und Brandschutzhelferausbildung sowie Informationen zum Arbeitsschutz f\u00fcr unsere angestellten und gewerblichen Kolleginnen und Kollegen. Erg\u00e4nzt wird das Angebot durch digitale Lern-Module.&nbsp;Im Rahmen des Onboardings erhalten&nbsp;zudem alle neuen&nbsp;Mitarbeiter*innen eine Erstunterweisung im Arbeitsschutz.<\/li>\n\n\n\n<li><strong>Arbeitsschutzausschuss \u2013 Sicherheit im Dialog:<\/strong> Viermal j\u00e4hrlich tagt unser betrieblicher Arbeitsschutzausschuss, um Risiken zu identifizieren, neue gesetzliche Anforderungen zu bewerten und Verbesserungspotenziale umzusetzen. So schaffen wir eine Plattform f\u00fcr kontinuierlichen Austausch und Weiterentwicklung.<\/li>\n\n\n\n<li><strong><a href=\"\/unternehmen\/qualitaet\/\">Zertifizierungen als Qualit\u00e4tsversprechen<\/a>:<\/strong> Wackler ist ISO 45001-zertifiziert \u2013 der internationalen Norm f\u00fcr Arbeits- und Gesundheitsschutzmanagementsysteme. Diese hilft uns, Risiken systematisch zu analysieren und effektive Ma\u00dfnahmen zum Schutz der Mitarbeitenden umzusetzen. Zus\u00e4tzlich setzen wir auf das SCCP-Zertifikat (Sicherheits-Certifikat-Contraktoren-Petrochemie) \u2013 ein international anerkanntes System zur Bewertung von Sicherheits-, Gesundheits- und Umweltschutzstandards, insbesondere f\u00fcr industrielle Dienstleister.<\/li>\n<\/ul>\n\n\n\n<h2 class=\"wp-block-heading\">\n                    Arbeitssicherheit als Bestandteil nachhaltiger Unternehmensf\u00fchrung<br>\n                <\/h2>\n\n\n\n<p class=\"wp-block-paragraph\">Sicherheit und Gesundheit am Arbeitsplatz sind nicht nur moralische Verpflichtung, sondern auch ein essenzieller Bestandteil einer <a href=\"\/nachhaltigkeit\/\">nachhaltigen Unternehmensstrategie<\/a>. Im Rahmen der kontinuierlichen Optimierung unseres ESG-Profils spielt die soziale Dimension \u2013 das \u201eS\u201c in ESG \u2013 eine zentrale Rolle.<\/p>\n\n\n\n<h2 class=\"wp-block-heading\">\n                    Fazit: Pr\u00e4vention ist die beste Investition<br>\n                <\/h2>\n\n\n\n<p class=\"wp-block-paragraph\">Der 28. April erinnert uns daran, wie wichtig sichere und gesunde Arbeitsbedingungen sind. Bei Wackler handeln wir nicht nur an diesem Tag, sondern jeden Tag. Mit zertifizierten Prozessen, innovativen Schulungskonzepten und einem ganzheitlichen Verst\u00e4ndnis von Gesundheitsschutz schaffen wir eine Arbeitswelt, in der Sicherheit und Wohlbefinden selbstverst\u00e4ndlich sind.<\/p>\n\n\n\n<figure class=\"wp-block-image size-full\"><img loading=\"lazy\" decoding=\"async\" width=\"2000\" height=\"1050\" src=\"https:\/\/www.wackler-group.de\/wp-content\/uploads\/2026\/07\/csm_Tag_fuer_Sicherheit_und_Gesundheit_am_Arbeitsplatz_V2_58bc20ac9c.png\" alt=\"\" class=\"wp-image-1460\" srcset=\"https:\/\/www.wackler-group.de\/wp-content\/uploads\/2026\/07\/csm_Tag_fuer_Sicherheit_und_Gesundheit_am_Arbeitsplatz_V2_58bc20ac9c.png 2000w, https:\/\/www.wackler-group.de\/wp-content\/uploads\/2026\/07\/csm_Tag_fuer_Sicherheit_und_Gesundheit_am_Arbeitsplatz_V2_58bc20ac9c-300x158.png 300w, https:\/\/www.wackler-group.de\/wp-content\/uploads\/2026\/07\/csm_Tag_fuer_Sicherheit_und_Gesundheit_am_Arbeitsplatz_V2_58bc20ac9c-664x349.png 664w, https:\/\/www.wackler-group.de\/wp-content\/uploads\/2026\/07\/csm_Tag_fuer_Sicherheit_und_Gesundheit_am_Arbeitsplatz_V2_58bc20ac9c-1360x714.png 1360w\" sizes=\"(max-width: 2000px) 100vw, 2000px\" \/><\/figure>\n","protected":false},"excerpt":{"rendered":"<p>Warum Gesundheitsschutz und Arbeitssicherheit bei Wackler im Mittelpunkt stehen Am 28. April ist der Internationale Tag f\u00fcr Sicherheit und Gesundheit am Arbeitsplatz \u2013 ein wichtiger Anlass, um das Bewusstsein f\u00fcr gesundheitsf\u00f6rderliche Arbeitsbedingungen zu st\u00e4rken. Auch bei der Wackler Group hat das Thema Arbeitsschutz h\u00f6chste Priorit\u00e4t: Denn unsere Mitarbeiter*innen sind unser wertvollstes Kapital \u2013 und ihre [&hellip;]<\/p>\n","protected":false},"featured_media":1460,"template":"","meta":{"_acf_changed":true},"news-category":[38],"class_list":["post-1185","news","type-news","status-publish","has-post-thumbnail","hentry","news-category-news"],"acf":[],"ase":null,"_links":{"self":[{"href":"https:\/\/www.wackler-group.de\/holding\/wp-json\/wp\/v2\/news\/1185","targetHints":{"allow":["GET"]}}],"collection":[{"href":"https:\/\/www.wackler-group.de\/holding\/wp-json\/wp\/v2\/news"}],"about":[{"href":"https:\/\/www.wackler-group.de\/holding\/wp-json\/wp\/v2\/types\/news"}],"wp:featuredmedia":[{"embeddable":true,"href":"https:\/\/www.wackler-group.de\/holding\/wp-json\/wp\/v2\/media\/1460"}],"wp:attachment":[{"href":"https:\/\/www.wackler-group.de\/holding\/wp-json\/wp\/v2\/media?parent=1185"}],"wp:term":[{"taxonomy":"news-category","embeddable":true,"href":"https:\/\/www.wackler-group.de\/holding\/wp-json\/wp\/v2\/news-category?post=1185"}],"curies":[{"name":"wp","href":"https:\/\/api.w.org\/{rel}","templated":true}]}}