{"id":1182,"date":"2026-05-19T00:00:00","date_gmt":"2026-05-18T22:00:00","guid":{"rendered":"https:\/\/www.wackler-group.de\/holding\/wissen-hub\/vielfalt-ist-unsere-staerke-wackler-zum-deutschen-diversity-tag-2026\/"},"modified":"2026-08-18T12:37:26","modified_gmt":"2026-08-18T12:37:26","slug":"vielfalt-ist-unsere-staerke-wackler-zum-deutschen-diversity-tag-2026","status":"publish","type":"news","link":"https:\/\/www.wackler-group.de\/holding\/wissen-hub\/vielfalt-ist-unsere-staerke-wackler-zum-deutschen-diversity-tag-2026\/","title":{"rendered":"Vielfalt ist unsere St\u00e4rke \u2013 Wackler zum Deutschen Diversity-Tag 2026"},"content":{"rendered":"\n<p class=\"wp-block-paragraph\">Am 19. Mai ist Deutscher Diversity-Tag \u2013 ein bundesweiter Aktionstag der Initiative \u201eCharta der Vielfalt\u201c, der seit 2012 Vielfalt in der Arbeitswelt sichtbar macht. Unternehmen in ganz Deutschland setzen an diesem Tag ein Zeichen f\u00fcr Offenheit, Chancengleichheit und ein respektvolles Miteinander. F\u00fcr uns bei Wackler ist Vielfalt jedoch weit mehr als ein Aktionstag: Sie ist ein zentraler Bestandteil unserer Unternehmenskultur und ein wichtiger Erfolgsfaktor.<\/p>\n\n\n\n<h2 class=\"wp-block-heading\">\n                    Vielfalt als gelebte Unternehmenskultur<br>\n                <\/h2>\n\n\n\n<p class=\"wp-block-paragraph\">Bei Wackler arbeiten Menschen aus \u00fcber 100 Nationen erfolgreich zusammen. Diese kulturelle Vielfalt pr\u00e4gt unseren Arbeitsalltag, st\u00e4rkt den Teamgeist und bringt unterschiedliche Perspektiven zusammen. Gerade in einer dynamischen Dienstleistungsbranche sind Offenheit, gegenseitiger Respekt und Zusammenarbeit auf Augenh\u00f6he entscheidend f\u00fcr Innovation, Qualit\u00e4t und nachhaltigen Erfolg.<\/p>\n\n\n\n<p class=\"wp-block-paragraph\">Mit rund 8.300 Besch\u00e4ftigten an 44 <a href=\"\/standorte\/\">Standorten<\/a> deutschlandweit setzen wir bewusst auf ein Arbeitsumfeld, das von Wertsch\u00e4tzung, Fairness und Zusammenhalt gepr\u00e4gt ist.<\/p>\n\n\n\n<h3 class=\"wp-block-heading\">\n                    Starke Frauen in starken Positionen<br>\n                <\/h3>\n\n\n\n<p class=\"wp-block-paragraph\">Vielfalt bedeutet f\u00fcr uns auch gelebte Chancengleichheit. Besonders stolz sind wir auf den hohen Anteil von Frauen in unserem Unternehmen: 64 % unserer Besch\u00e4ftigten sind weiblich, ebenso wie 51 % unserer F\u00fchrungskr\u00e4fte. Damit zeigen wir, dass Gleichstellung bei Wackler l\u00e4ngst nicht nur ein Ziel, sondern l\u00e4ngst gelebter Alltag ist.<\/p>\n\n\n\n<h3 class=\"wp-block-heading\">\n                    Generationen verbinden Erfahrung und neue Perspektiven<br>\n                <\/h3>\n\n\n\n<p class=\"wp-block-paragraph\">Auch die Vielfalt der Generationen macht uns stark. In unseren Teams arbeiten Menschen zwischen 17 und 67 Jahren zusammen. Diese Mischung aus Erfahrung, frischen Ideen und gegenseitigem Lernen schafft ein Umfeld, in dem Wissen weitergegeben und neue Impulse gef\u00f6rdert werden.<\/p>\n\n\n\n<h2 class=\"wp-block-heading\">\n                    Gemeinsam Zukunft gestalten<br>\n                <\/h2>\n\n\n\n<p class=\"wp-block-paragraph\">Wir sind \u00fcberzeugt: Unterschiedliche Perspektiven, Lebenswege und Erfahrungen machen Unternehmen erfolgreicher. Vielfalt f\u00f6rdert Kreativit\u00e4t, st\u00e4rkt den Zusammenhalt und schafft die Grundlage f\u00fcr nachhaltige Entwicklung.<\/p>\n\n\n\n<p class=\"wp-block-paragraph\">Deshalb setzen wir uns jeden Tag f\u00fcr ein Arbeitsumfeld ein, in dem Menschen unabh\u00e4ngig von Herkunft, Geschlecht, Alter oder Lebensweg wertgesch\u00e4tzt werden \u2013 denn echte St\u00e4rke entsteht dort, wo Vielfalt gelebt wird.<\/p>\n\n\n\n<figure class=\"wp-block-image size-full\"><img loading=\"lazy\" decoding=\"async\" width=\"2000\" height=\"1050\" src=\"https:\/\/www.wackler-group.de\/wp-content\/uploads\/2026\/07\/csm_Tag_der_Vielfalt_16_9_42028fc011.png\" alt=\"\" class=\"wp-image-1454\" srcset=\"https:\/\/www.wackler-group.de\/wp-content\/uploads\/2026\/07\/csm_Tag_der_Vielfalt_16_9_42028fc011.png 2000w, https:\/\/www.wackler-group.de\/wp-content\/uploads\/2026\/07\/csm_Tag_der_Vielfalt_16_9_42028fc011-300x158.png 300w, https:\/\/www.wackler-group.de\/wp-content\/uploads\/2026\/07\/csm_Tag_der_Vielfalt_16_9_42028fc011-664x349.png 664w, https:\/\/www.wackler-group.de\/wp-content\/uploads\/2026\/07\/csm_Tag_der_Vielfalt_16_9_42028fc011-1360x714.png 1360w\" sizes=\"(max-width: 2000px) 100vw, 2000px\" \/><\/figure>\n","protected":false},"excerpt":{"rendered":"<p>Am 19. Mai ist Deutscher Diversity-Tag \u2013 ein bundesweiter Aktionstag der Initiative \u201eCharta der Vielfalt\u201c, der seit 2012 Vielfalt in der Arbeitswelt sichtbar macht. Unternehmen in ganz Deutschland setzen an diesem Tag ein Zeichen f\u00fcr Offenheit, Chancengleichheit und ein respektvolles Miteinander. F\u00fcr uns bei Wackler ist Vielfalt jedoch weit mehr als ein Aktionstag: Sie ist [&hellip;]<\/p>\n","protected":false},"featured_media":1454,"template":"","meta":{"_acf_changed":true},"news-category":[38],"class_list":["post-1182","news","type-news","status-publish","has-post-thumbnail","hentry","news-category-news"],"acf":[],"ase":null,"_links":{"self":[{"href":"https:\/\/www.wackler-group.de\/holding\/wp-json\/wp\/v2\/news\/1182","targetHints":{"allow":["GET"]}}],"collection":[{"href":"https:\/\/www.wackler-group.de\/holding\/wp-json\/wp\/v2\/news"}],"about":[{"href":"https:\/\/www.wackler-group.de\/holding\/wp-json\/wp\/v2\/types\/news"}],"wp:featuredmedia":[{"embeddable":true,"href":"https:\/\/www.wackler-group.de\/holding\/wp-json\/wp\/v2\/media\/1454"}],"wp:attachment":[{"href":"https:\/\/www.wackler-group.de\/holding\/wp-json\/wp\/v2\/media?parent=1182"}],"wp:term":[{"taxonomy":"news-category","embeddable":true,"href":"https:\/\/www.wackler-group.de\/holding\/wp-json\/wp\/v2\/news-category?post=1182"}],"curies":[{"name":"wp","href":"https:\/\/api.w.org\/{rel}","templated":true}]}}