{"id":1179,"date":"2026-06-08T00:00:00","date_gmt":"2026-06-07T22:00:00","guid":{"rendered":"https:\/\/www.wackler-group.de\/holding\/wissen-hub\/neue-impulse-fuer-die-zukunft\/"},"modified":"2026-08-18T12:34:17","modified_gmt":"2026-08-18T12:34:17","slug":"neue-impulse-fuer-die-zukunft","status":"publish","type":"news","link":"https:\/\/www.wackler-group.de\/holding\/wissen-hub\/neue-impulse-fuer-die-zukunft\/","title":{"rendered":"Neue Impulse f\u00fcr die Zukunft: Wackler Group st\u00e4rkt ihren Beirat"},"content":{"rendered":"\n<p class=\"wp-block-paragraph\"><strong>Die Wackler Holding SE st\u00e4rkt ihre strategische Ausrichtung und erweitert den Beirat zum 1. Juni 2026 um zwei renommierte Pers\u00f6nlichkeiten: Prof. Dieter Kempf sowie Prof. Dr. Dr. Christian Berg \u00fcbernehmen k\u00fcnftig die Beiratsfunktion auf Ebene der Wackler Group. Beide waren bislang bereits als Beir\u00e4te der ConClimate GmbH t\u00e4tig.<\/strong><\/p>\n\n\n\n<p class=\"wp-block-paragraph\">Mit <strong>Prof. Dieter Kempf<\/strong> gewinnt die Wackler Group einen der profiliertesten Vertreter der deutschen Wirtschaft. Der Honorarprofessor f\u00fcr Betriebswirtschaftslehre an der Friedrich-Alexander-Universit\u00e4t Erlangen-N\u00fcrnberg war langj\u00e4hriger Vorstands-vorsitzender der DATEV eG, Pr\u00e4sident des Digitalverbands Bitkom sowie Pr\u00e4sident des Bundesverbands der Deutschen Industrie e.V. (BDI).<\/p>\n\n\n\n<p class=\"wp-block-paragraph\">Ebenfalls neu im Beirat der Wackler Holding SE ist <strong>Prof. Dr. Dr. Christian Berg<\/strong>, Honorarprofessor f\u00fcr Nachhaltigkeit und Globalen Wandel an der TU Clausthal sowie Pr\u00e4sidiumsmitglied der Deutschen Gesellschaft Club of Rome. Er pr\u00e4gte \u00fcber zehn Jahre hinweg das Thema Nachhaltigkeit bei SAP.<\/p>\n\n\n\n<p class=\"wp-block-paragraph\">Gemeinsam mit <strong>Prof. Dr. med. Johann W. Weidringer<\/strong>, der als Beirat die Wackler Holding SE bereits seit 2025 mit seiner Expertise im betrieblichen Gesundheitsmanagement begleitet, besteht der Beirat damit k\u00fcnftig aus drei Mitgliedern. Mit der Erweiterung unterstreicht die Wackler Group ihren Anspruch, nachhaltige Unternehmensentwicklung, Innovation und gesellschaftliche Verantwortung konsequent weiter zu verfolgen.<\/p>\n\n\n\n<p class=\"wp-block-paragraph\"><strong>\u201eIch freue mich sehr, mit Prof. Kempf und Prof. Berg zwei herausragende Pers\u00f6nlichkeiten f\u00fcr unseren Beirat gewonnen zu haben. Gemeinsam mit Prof. Weidringer werden sie wichtige Impulse f\u00fcr die Wackler Group setzen\u201c,<\/strong> sagt Peter Blenke, CEO und Vorstandsvorsitzender der Wackler Holding SE.<\/p>\n\n\n\n<figure class=\"wp-block-image size-full\"><img loading=\"lazy\" decoding=\"async\" width=\"1998\" height=\"1049\" src=\"https:\/\/www.wackler-group.de\/wp-content\/uploads\/2026\/07\/csm_Beiraete_der_Wackler_Group_a16f60d88b.png\" alt=\"\" class=\"wp-image-1448\" srcset=\"https:\/\/www.wackler-group.de\/wp-content\/uploads\/2026\/07\/csm_Beiraete_der_Wackler_Group_a16f60d88b.png 1998w, https:\/\/www.wackler-group.de\/wp-content\/uploads\/2026\/07\/csm_Beiraete_der_Wackler_Group_a16f60d88b-300x158.png 300w, https:\/\/www.wackler-group.de\/wp-content\/uploads\/2026\/07\/csm_Beiraete_der_Wackler_Group_a16f60d88b-664x349.png 664w, https:\/\/www.wackler-group.de\/wp-content\/uploads\/2026\/07\/csm_Beiraete_der_Wackler_Group_a16f60d88b-1360x714.png 1360w\" sizes=\"(max-width: 1998px) 100vw, 1998px\" \/><\/figure>\n","protected":false},"excerpt":{"rendered":"<p>Die Wackler Holding SE st\u00e4rkt ihre strategische Ausrichtung und erweitert den Beirat zum 1. Juni 2026 um zwei renommierte Pers\u00f6nlichkeiten: Prof. Dieter Kempf sowie Prof. Dr. Dr. Christian Berg \u00fcbernehmen k\u00fcnftig die Beiratsfunktion auf Ebene der Wackler Group. Beide waren bislang bereits als Beir\u00e4te der ConClimate GmbH t\u00e4tig. Mit Prof. Dieter Kempf gewinnt die Wackler [&hellip;]<\/p>\n","protected":false},"featured_media":1448,"template":"","meta":{"_acf_changed":true},"news-category":[38],"class_list":["post-1179","news","type-news","status-publish","has-post-thumbnail","hentry","news-category-news"],"acf":[],"ase":null,"_links":{"self":[{"href":"https:\/\/www.wackler-group.de\/holding\/wp-json\/wp\/v2\/news\/1179","targetHints":{"allow":["GET"]}}],"collection":[{"href":"https:\/\/www.wackler-group.de\/holding\/wp-json\/wp\/v2\/news"}],"about":[{"href":"https:\/\/www.wackler-group.de\/holding\/wp-json\/wp\/v2\/types\/news"}],"wp:featuredmedia":[{"embeddable":true,"href":"https:\/\/www.wackler-group.de\/holding\/wp-json\/wp\/v2\/media\/1448"}],"wp:attachment":[{"href":"https:\/\/www.wackler-group.de\/holding\/wp-json\/wp\/v2\/media?parent=1179"}],"wp:term":[{"taxonomy":"news-category","embeddable":true,"href":"https:\/\/www.wackler-group.de\/holding\/wp-json\/wp\/v2\/news-category?post=1179"}],"curies":[{"name":"wp","href":"https:\/\/api.w.org\/{rel}","templated":true}]}}