{"id":1177,"date":"2026-06-19T00:00:00","date_gmt":"2026-06-18T22:00:00","guid":{"rendered":"https:\/\/www.wackler-group.de\/holding\/wissen-hub\/fruehjahrskonferenz-der-klimaschutz-unternehmen-2026-bei-der-wackler-group-gemeinsam-zukunft-gestalten\/"},"modified":"2026-08-18T12:33:03","modified_gmt":"2026-08-18T12:33:03","slug":"fruehjahrskonferenz-der-klimaschutz-unternehmen-2026-bei-der-wackler-group-gemeinsam-zukunft-gestalten","status":"publish","type":"news","link":"https:\/\/www.wackler-group.de\/holding\/wissen-hub\/fruehjahrskonferenz-der-klimaschutz-unternehmen-2026-bei-der-wackler-group-gemeinsam-zukunft-gestalten\/","title":{"rendered":"Fr\u00fchjahrskonferenz der Klimaschutz-Unternehmen 2026 bei der Wackler Group: Gemeinsam Zukunft gestalten"},"content":{"rendered":"\n<p class=\"wp-block-paragraph\"><strong>Unter dem Leitthema \u201eKlimaschutz und Klimaanpassung: Zusammenspiel oder Zielkonflikt?\u201c war die Wackler Group am 9. Juni 2026 Gastgeber der diesj\u00e4hrigen Fr\u00fchjahrskonferenz der Klimaschutz-Unternehmen e.V. Vertreterinnen und Vertreter der Mitgliedsunternehmen aus ganz Deutschland nutzten die Veranstaltung f\u00fcr fachliche Diskussionen, neue Perspektiven und den pers\u00f6nlichen Austausch innerhalb des Vereins.<\/strong><\/p>\n\n\n\n<p class=\"wp-block-paragraph\">Die Klimaschutz-Unternehmen sind ein branchen\u00fcbergreifendes Netzwerk von Unternehmen, die Klimaschutz, Energieeffizienz und nachhaltiges Wirtschaften erfolgreich in ihre Gesch\u00e4ftsmodelle integriert haben. Die Wackler Group ist seit 2020 Mitglied und beteiligt sich mit ihren Nachhaltigkeitsaktivit\u00e4ten am gemeinsamen Dialog f\u00fcr eine zukunftsf\u00e4hige Wirtschaft. Julia Eckey, Gesch\u00e4ftsf\u00fchrerin Klimaschutz-Unternehmen e.V., f\u00fchrte durch die Veranstaltung und hie\u00df die Teilnehmenden vor Ort und im Live-Stream herzlich willkommen.<\/p>\n\n\n\n<p class=\"wp-block-paragraph\">Zum Auftakt der Konferenz begr\u00fc\u00dften J\u00f6rg Schmidt, Vorstandsvorsitzender Klimaschutz-Unternehmen e.V., und Peter Blenke, Vorstandsvorsitzender der Wackler Holding SE, die G\u00e4ste. In seiner Begr\u00fc\u00dfung unterstrich Peter Blenke die Bedeutung gemeinsamer Anstrengungen f\u00fcr eine nachhaltige Wirtschaft und gab Einblicke in die Entwicklung der&nbsp;Wackler Group sowie die wichtigsten Meilensteine des unternehmerischen Engagements im Klimaschutz seit 2009.<\/p>\n\n\n\n<p class=\"wp-block-paragraph\">Einen inspirierenden Blick in die Zukunft warf Andreas Huber, Gesch\u00e4ftsf\u00fchrer der&nbsp;Deutschen Gesellschaft Club of Rome in seinem Vortrag: In 60 Jahren, so seine Vision, sollten alle Unternehmen so nachhaltig und verantwortungsvoll wirtschaften, wie es die Mitgliedsunternehmen der Klimaschutz-Unternehmen bereits heute tun. Sein Appell lautete, mehr \u00fcber bereits erreichte Fortschritte und konkrete L\u00f6sungen zu sprechen, und weniger dar\u00fcber, was noch nicht geschafft wurde.<\/p>\n\n\n\n<p class=\"wp-block-paragraph\">Im Mittelpunkt der diesj\u00e4hrigen Fr\u00fchjahrskonferenz stand das Thema Klimaanpassung. Marita Kr\u00fcssel von der Provinzial Holding beleuchtete die Herausforderungen und Chancen aus Sicht eines Versicherungsunternehmens. Im anschlie\u00dfenden Best-Practice-Panel diskutierten Josey Ongsiek von Buhck, Gesa Amstutz von der LINEG sowie Dr. Christian Reisinger von <a href=\"https:\/\/www.conclimate.com\/\" rel=\"noreferrer noopener\" target=\"_blank\">ConClimate<\/a> und <a href=\"https:\/\/welcome.substain.com\/\" rel=\"noreferrer noopener\" target=\"_blank\">Substain<\/a>, Tochtergesellschaften der&nbsp;Wackler Group, konkrete Erfahrungen und L\u00f6sungsans\u00e4tze aus den Bereichen Abfallwirtschaft, Wasserwirtschaft und ESG-Beratung.<\/p>\n\n\n\n<p class=\"wp-block-paragraph\">In den anschlie\u00dfenden Breakout-Sessions vertieften die Teilnehmenden die Themen und entwickelten gemeinsam Ideen. Der offene Austausch zeigte den besonderen Wert des Netzwerks: voneinander lernen, Erfahrungen teilen und gemeinsam neue Wege&nbsp;gestalten. Bei entspannter Atmosph\u00e4re, zahlreichen Gespr\u00e4chen und kulinarischer Begleitung wurde die Fr\u00fchjahrskonferenz der Klimaschutzunternehmen e.V. ihrem Anspruch als Plattform f\u00fcr Vernetzung und Wissenstransfer in besonderer Weise gerecht.<\/p>\n\n\n\n<p class=\"wp-block-paragraph\">Dar\u00fcber hinaus bot die Konferenz Gelegenheit, die Entwicklung der Wackler Group n\u00e4her kennenzulernen. An den Erlebnistafeln erhielten die G\u00e4ste Einblicke in die Unternehmensgeschichte und die Entwicklung der Unternehmensgruppe. Gro\u00dfes&nbsp;Interesse weckten zudem die Live-Demonstrationen der <a href=\"https:\/\/robo-planet.de\/\" rel=\"noreferrer noopener\" target=\"_blank\">RoboPlanet<\/a>-L\u00f6sungen mit modernen Reinigungs-, Service-, Liefer- und Security-Robotern.<\/p>\n\n\n\n<p class=\"wp-block-paragraph\">Zum Abschluss griff J\u00f6rg Schmidt in seinen Schlussworten nochmals das Motto der Klimaschutz-Unternehmen auf: \u201eVordenken. Vorleben. Vorangehen.\u201c Und er kn\u00fcpfte an die Botschaft von Andreas Huber an: Wenn Unternehmen den Mut behalten,&nbsp;vorauszudenken und Verantwortung zu \u00fcbernehmen, kann es gelingen, k\u00fcnftigen Generationen einen lebenswerten Planeten zu hinterlassen.<\/p>\n\n\n\n<p class=\"wp-block-paragraph\">Die Fr\u00fchjahrskonferenz der Klimaschutz-Unternehmen e.V. hat daf\u00fcr wichtige Impulse gesetzt. F\u00fcr die Wackler Group war der gemeinsame Tag Ansporn und Best\u00e4tigung&nbsp;zugleich, den Dialog im Netzwerk aktiv mitzugestalten und den eingeschlagenen Weg in den Bereichen Klimaschutz und Klimaanpassung konsequent weiterzugehen.<\/p>\n\n\n\n<figure class=\"wp-block-image size-full\"><img decoding=\"async\" src=\"https:\/\/www.wackler-group.de\/wp-content\/uploads\/2026\/07\/csm_KlimaschutzUnternehmen_Gruppenbild__c_jmk-photography_51ba51bc3b.png\" alt=\"\" class=\"wp-image-1444\" \/><\/figure>\n\n\n\n<p class=\"wp-block-paragraph\"><em>v. L. n. R.: Markus Mettler, Mitglied des Vorstands Klimaschutz-Unternehmen e.V. , Peter Blenke, Vorstandsvorsitzender \/ CEO Wackler Holding SE, Annika Roth,&nbsp;Mitglied des Vorstands Klimaschutz-Unternehmen e.V.,&nbsp;Julia Eckey, Gesch\u00e4ftsf\u00fchrerin Klimaschutz-Unternehmen e.V.,&nbsp;J\u00f6rg Schmidt, Vorstandsvorsitzender Klimaschutz-Unternehmen e.V.&nbsp;<\/em>\u00a9jmk-photography<\/p>\n\n\n\n<figure class=\"wp-block-image size-full\"><img loading=\"lazy\" decoding=\"async\" width=\"700\" height=\"394\" src=\"https:\/\/www.wackler-group.de\/wp-content\/uploads\/2026\/08\/csm_KlimaschutzUnternehmen_PeterBlenke_c_jmk-photography_86cf1998d1.png\" alt=\"\" class=\"wp-image-1742\" srcset=\"https:\/\/www.wackler-group.de\/wp-content\/uploads\/2026\/08\/csm_KlimaschutzUnternehmen_PeterBlenke_c_jmk-photography_86cf1998d1.png 700w, https:\/\/www.wackler-group.de\/wp-content\/uploads\/2026\/08\/csm_KlimaschutzUnternehmen_PeterBlenke_c_jmk-photography_86cf1998d1-300x169.png 300w, https:\/\/www.wackler-group.de\/wp-content\/uploads\/2026\/08\/csm_KlimaschutzUnternehmen_PeterBlenke_c_jmk-photography_86cf1998d1-664x374.png 664w\" sizes=\"(max-width: 700px) 100vw, 700px\" \/><\/figure>\n\n\n\n<p class=\"wp-block-paragraph\"><em>Peter Blenke, Vorstandsvorsitzender \/ CEO Wackler Holding SE&nbsp;<\/em>\u00a9jmk-photography<\/p>\n\n\n\n<figure class=\"wp-block-image size-full\"><img loading=\"lazy\" decoding=\"async\" width=\"700\" height=\"394\" src=\"https:\/\/www.wackler-group.de\/wp-content\/uploads\/2026\/08\/csm_KlimaschutzUnternehmen_Moderation_c_jmk-photography_3b4ab8c0b9.png\" alt=\"\" class=\"wp-image-1743\" srcset=\"https:\/\/www.wackler-group.de\/wp-content\/uploads\/2026\/08\/csm_KlimaschutzUnternehmen_Moderation_c_jmk-photography_3b4ab8c0b9.png 700w, https:\/\/www.wackler-group.de\/wp-content\/uploads\/2026\/08\/csm_KlimaschutzUnternehmen_Moderation_c_jmk-photography_3b4ab8c0b9-300x169.png 300w, https:\/\/www.wackler-group.de\/wp-content\/uploads\/2026\/08\/csm_KlimaschutzUnternehmen_Moderation_c_jmk-photography_3b4ab8c0b9-664x374.png 664w\" sizes=\"(max-width: 700px) 100vw, 700px\" \/><\/figure>\n\n\n\n<p class=\"wp-block-paragraph\"><em>Julia Eckey, Gesch\u00e4ftsf\u00fchrerin Klimaschutz-Unternehmen e.V. f\u00fchrte durch die Veranstaltung&nbsp;<\/em>\u00a9jmk-photography<\/p>\n\n\n\n<figure class=\"wp-block-image size-full\"><img loading=\"lazy\" decoding=\"async\" width=\"700\" height=\"394\" src=\"https:\/\/www.wackler-group.de\/wp-content\/uploads\/2026\/08\/csm_KlimaschutzUnternehmen_AndreasHuber_c_jmk-photography_6ae3fde4f4.png\" alt=\"\" class=\"wp-image-1744\" srcset=\"https:\/\/www.wackler-group.de\/wp-content\/uploads\/2026\/08\/csm_KlimaschutzUnternehmen_AndreasHuber_c_jmk-photography_6ae3fde4f4.png 700w, https:\/\/www.wackler-group.de\/wp-content\/uploads\/2026\/08\/csm_KlimaschutzUnternehmen_AndreasHuber_c_jmk-photography_6ae3fde4f4-300x169.png 300w, https:\/\/www.wackler-group.de\/wp-content\/uploads\/2026\/08\/csm_KlimaschutzUnternehmen_AndreasHuber_c_jmk-photography_6ae3fde4f4-664x374.png 664w\" sizes=\"(max-width: 700px) 100vw, 700px\" \/><\/figure>\n\n\n\n<p class=\"wp-block-paragraph\"><em>Andreas Huber,&nbsp;Gesch\u00e4ftsf\u00fchrer der&nbsp;Deutschen Gesellschaft Club of Rome&nbsp;<\/em>\u00a9jmk-photography<\/p>\n\n\n\n<figure class=\"wp-block-image size-full\"><img loading=\"lazy\" decoding=\"async\" width=\"700\" height=\"394\" src=\"https:\/\/www.wackler-group.de\/wp-content\/uploads\/2026\/08\/csm_KlimaschtzUnternehmenPanel_c_jmk-photography_e6f4abe829.png\" alt=\"\" class=\"wp-image-1745\" srcset=\"https:\/\/www.wackler-group.de\/wp-content\/uploads\/2026\/08\/csm_KlimaschtzUnternehmenPanel_c_jmk-photography_e6f4abe829.png 700w, https:\/\/www.wackler-group.de\/wp-content\/uploads\/2026\/08\/csm_KlimaschtzUnternehmenPanel_c_jmk-photography_e6f4abe829-300x169.png 300w, https:\/\/www.wackler-group.de\/wp-content\/uploads\/2026\/08\/csm_KlimaschtzUnternehmenPanel_c_jmk-photography_e6f4abe829-664x374.png 664w\" sizes=\"(max-width: 700px) 100vw, 700px\" \/><\/figure>\n\n\n\n<p class=\"wp-block-paragraph\"><em>Best-Practice-Panel &#8211; v. L. n. R.:&nbsp;Julia Eckey vom Klimaschutz-Unternehmen e.V., Josey Ongsiek von Buhck, Gesa Amstutz von der LINEG, Dr. Christian Reisinger von ConClimate und Substain&nbsp;<\/em>\u00a9jmk-photography<\/p>\n\n\n\n<figure class=\"wp-block-image size-full\"><img loading=\"lazy\" decoding=\"async\" width=\"700\" height=\"394\" src=\"https:\/\/www.wackler-group.de\/wp-content\/uploads\/2026\/08\/csm_KlimaschutzUnternehmen_Publikum_c_jmk-photography_72186ac7f3.png\" alt=\"\" class=\"wp-image-1746\" srcset=\"https:\/\/www.wackler-group.de\/wp-content\/uploads\/2026\/08\/csm_KlimaschutzUnternehmen_Publikum_c_jmk-photography_72186ac7f3.png 700w, https:\/\/www.wackler-group.de\/wp-content\/uploads\/2026\/08\/csm_KlimaschutzUnternehmen_Publikum_c_jmk-photography_72186ac7f3-300x169.png 300w, https:\/\/www.wackler-group.de\/wp-content\/uploads\/2026\/08\/csm_KlimaschutzUnternehmen_Publikum_c_jmk-photography_72186ac7f3-664x374.png 664w\" sizes=\"(max-width: 700px) 100vw, 700px\" \/><\/figure>\n\n\n\n<p class=\"wp-block-paragraph\"><em>Unter dem Leitthema \u201eKlimaschutz und Klimaanpassung: Zusammenspiel oder Zielkonflikt?\u201c nutzten die Teilnehmer die&nbsp;Veranstaltung f\u00fcr fachliche Diskussionen, neue Perspektiven und den pers\u00f6nlichen Austausch&nbsp;<\/em>\u00a9jmk-photography<\/p>\n\n\n\n<figure class=\"wp-block-image size-full\"><img loading=\"lazy\" decoding=\"async\" width=\"700\" height=\"394\" src=\"https:\/\/www.wackler-group.de\/wp-content\/uploads\/2026\/08\/csm_KlimaschtzUnternehmen_Roboter_c_jmk-photography_34deec78b5.png\" alt=\"\" class=\"wp-image-1747\" srcset=\"https:\/\/www.wackler-group.de\/wp-content\/uploads\/2026\/08\/csm_KlimaschtzUnternehmen_Roboter_c_jmk-photography_34deec78b5.png 700w, https:\/\/www.wackler-group.de\/wp-content\/uploads\/2026\/08\/csm_KlimaschtzUnternehmen_Roboter_c_jmk-photography_34deec78b5-300x169.png 300w, https:\/\/www.wackler-group.de\/wp-content\/uploads\/2026\/08\/csm_KlimaschtzUnternehmen_Roboter_c_jmk-photography_34deec78b5-664x374.png 664w\" sizes=\"(max-width: 700px) 100vw, 700px\" \/><\/figure>\n\n\n\n<p class=\"wp-block-paragraph\"><em>Live-Demonstrationen der RoboPlanet-L\u00f6sungen&nbsp;<\/em>\u00a9jmk-photography<\/p>\n","protected":false},"excerpt":{"rendered":"<p>Unter dem Leitthema \u201eKlimaschutz und Klimaanpassung: Zusammenspiel oder Zielkonflikt?\u201c war die Wackler Group am 9. Juni 2026 Gastgeber der diesj\u00e4hrigen Fr\u00fchjahrskonferenz der Klimaschutz-Unternehmen e.V. Vertreterinnen und Vertreter der Mitgliedsunternehmen aus ganz Deutschland nutzten die Veranstaltung f\u00fcr fachliche Diskussionen, neue Perspektiven und den pers\u00f6nlichen Austausch innerhalb des Vereins. Die Klimaschutz-Unternehmen sind ein branchen\u00fcbergreifendes Netzwerk von Unternehmen, [&hellip;]<\/p>\n","protected":false},"featured_media":1444,"template":"","meta":{"_acf_changed":true},"news-category":[38],"class_list":["post-1177","news","type-news","status-publish","has-post-thumbnail","hentry","news-category-news"],"acf":[],"ase":null,"_links":{"self":[{"href":"https:\/\/www.wackler-group.de\/holding\/wp-json\/wp\/v2\/news\/1177","targetHints":{"allow":["GET"]}}],"collection":[{"href":"https:\/\/www.wackler-group.de\/holding\/wp-json\/wp\/v2\/news"}],"about":[{"href":"https:\/\/www.wackler-group.de\/holding\/wp-json\/wp\/v2\/types\/news"}],"wp:featuredmedia":[{"embeddable":true,"href":"https:\/\/www.wackler-group.de\/holding\/wp-json\/wp\/v2\/pages\/1444"}],"wp:attachment":[{"href":"https:\/\/www.wackler-group.de\/holding\/wp-json\/wp\/v2\/media?parent=1177"}],"wp:term":[{"taxonomy":"news-category","embeddable":true,"href":"https:\/\/www.wackler-group.de\/holding\/wp-json\/wp\/v2\/news-category?post=1177"}],"curies":[{"name":"wp","href":"https:\/\/api.w.org\/{rel}","templated":true}]}}